{"id":8276,"date":"2025-11-20T10:16:12","date_gmt":"2025-11-20T07:16:12","guid":{"rendered":"https:\/\/jozsefattilaiskola.ro\/?p=8276"},"modified":"2025-11-20T10:37:28","modified_gmt":"2025-11-20T07:37:28","slug":"powerpack-building-an-empowering-backpack-for-childrens-growth","status":"publish","type":"post","link":"https:\/\/jozsefattilaiskola.ro\/?p=8276","title":{"rendered":"PowerPack \u2013 Building an empowering backpack for children\u2019s growth"},"content":{"rendered":"<div id=\"themify_builder_content-8276\" data-postid=\"8276\" class=\"themify_builder_content themify_builder_content-8276 themify_builder\">\n\n    \n\t\t<!-- module_row -->\n\t\t<div  class=\"themify_builder_row module_row clearfix module_row_0 themify_builder_8276_row module_row_8276-0\" data-id=\"a7de66a\">\n\t\t\t\t\t\t<div class=\"row_inner col_align_top\" >\n                                    <div  class=\"module_column tb-column col-full first tb_8276_column module_column_0 module_column_8276-0-0\" data-id=\"f2d1386\" >\n                                                                <div class=\"tb-column-inner\">\n                            \n\n<!-- module text -->\n<div  id=\"text-8276-0-0-0\" class=\"module module-text text-8276-0-0-0  repeat  \" data-id=\"0a8dd52\">\n    <!--insert-->\n    \n        <p>2o25. november 12-\u00e9n a spanyolorsz\u00e1gi Castellon-ban ker\u00fclt sor a <strong><em>PowerPack \u2013 Building an empowering backpack for children\u2019s growth<\/em><\/strong> elnevez\u00e9s\u0171 projekt (2024-1-HU01-KA220-SCH-000250549) m\u00e1sodik nemzetk\u00f6zi partnertal\u00e1lkoz\u00f3j\u00e1ra. Az esem\u00e9nyen iskol\u00e1nkat H\u00e9get\u0151 Katalin \u00e9s Tank\u00f3 Enik\u0151 k\u00e9pviselt\u00e9k. A megbesz\u00e9l\u00e9sen a partnerek (Stichting Incubator, Leeuwarden, Hollandia; Asociaci\u00f3 Esplai Social, Almazora, Spanyolorsz\u00e1g; BeTrained LTD, Nicosia, Ciprus; Stichting School\u2019s Cool, Leeuwarden, Hollandia; valamint a J\u00f3zsef Attila \u00c1ltal\u00e1nos Iskola)\u00a0 ki\u00e9rt\u00e9kelt\u00e9k a m\u00e1r elk\u00e9sz\u00fclt <em>\u00datmutat\u00f3t<\/em>, egyeztettek az elk\u00f6vetkez\u0151 id\u0151szakban kidolgozand\u00f3 eszk\u00f6zt\u00e1rr\u00f3l \u00e9s tan\u00e1ri seg\u00e9dletr\u0151l, tov\u00e1bb\u00e1 k\u00f6rvonalazt\u00e1k a r\u00f6vid t\u00e1v\u00fa l\u00e9p\u00e9seket \u00e9s hat\u00e1rid\u0151ket jel\u00f6ltek ki. A projekttal\u00e1lkoz\u00f3 j\u00f3 hangulatban telt. K\u00f6sz\u00f6net a szervez\u0151knek!<\/p>        <\/div>\n<!-- \/module text -->\n\n                        <\/div>\n                    \t\t<\/div>\n\t\t                                <\/div>\n                                <!-- \/row_inner -->\n                        <\/div>\n                        <!-- \/module_row -->\n\t\t\n\t\t<!-- module_row -->\n\t\t<div  class=\"themify_builder_row module_row clearfix module_row_1 themify_builder_8276_row module_row_8276-1\" data-id=\"dc61c2a\">\n\t\t\t\t\t\t<div class=\"row_inner col_align_top\" >\n                                    <div  class=\"module_column tb-column col-full first tb_8276_column module_column_0 module_column_8276-1-0\" data-id=\"a295f04\" >\n                                                                <div class=\"tb-column-inner\">\n                            \n\n    <!-- module image -->\n    <div  id=\"image-8276-1-0-0\" class=\"module module-image image-8276-1-0-0  image-top  \" data-id=\"c43e3ef\">\n        <!--insert-->\n        \n        <div class=\"image-wrap\">\n                            <img loading=\"lazy\" decoding=\"async\" width=\"1290\" height=\"974\" src=\"http:\/\/jozsefattilaiskola.ro\/wp-content\/uploads\/2025\/11\/Guydolf.jpg\" class=\" wp-post-image wp-image-8275\" alt=\"Guydolf\" srcset=\"https:\/\/jozsefattilaiskola.ro\/wp-content\/uploads\/2025\/11\/Guydolf.jpg 1290w, https:\/\/jozsefattilaiskola.ro\/wp-content\/uploads\/2025\/11\/Guydolf-300x227.jpg 300w, https:\/\/jozsefattilaiskola.ro\/wp-content\/uploads\/2025\/11\/Guydolf-1024x773.jpg 1024w, https:\/\/jozsefattilaiskola.ro\/wp-content\/uploads\/2025\/11\/Guydolf-768x580.jpg 768w\" sizes=\"(max-width: 1290px) 100vw, 1290px\" \/>            \n                        <\/div>\n            <!-- \/image-wrap -->\n        \n        \n            <\/div>\n    <!-- \/module image -->\n\n                        <\/div>\n                    \t\t<\/div>\n\t\t                                <\/div>\n                                <!-- \/row_inner -->\n                        <\/div>\n                        <!-- \/module_row -->\n\t\t<\/div>\n","protected":false},"excerpt":{"rendered":"<p>2o25. november 12-\u00e9n a spanyolorsz\u00e1gi Castellon-ban ker\u00fclt sor a PowerPack \u2013 Building an empowering backpack for children\u2019s growth elnevez\u00e9s\u0171 projekt (2024-1-HU01-KA220-SCH-000250549) m\u00e1sodik nemzetk\u00f6zi partnertal\u00e1lkoz\u00f3j\u00e1ra. Az esem\u00e9nyen iskol\u00e1nkat H\u00e9get\u0151 Katalin \u00e9s Tank\u00f3 Enik\u0151 k\u00e9pviselt\u00e9k. A megbesz\u00e9l\u00e9sen a partnerek (Stichting Incubator, Leeuwarden, Hollandia; Asociaci\u00f3 Esplai Social, Almazora, Spanyolorsz\u00e1g; BeTrained LTD, Nicosia, Ciprus; Stichting School\u2019s Cool, Leeuwarden, Hollandia; [&hellip;]<\/p>\n","protected":false},"author":1,"featured_media":0,"comment_status":"open","ping_status":"open","sticky":false,"template":"","format":"standard","meta":{"footnotes":""},"categories":[47],"tags":[],"class_list":["post-8276","post","type-post","status-publish","format-standard","hentry","category-hirek-hu","no-post-title","no-post-date","has-post-category","has-post-tag","has-post-comment","has-post-author",""],"builder_content":"<p>2o25. november 12-\u00e9n a spanyolorsz\u00e1gi Castellon-ban ker\u00fclt sor a <strong><em>PowerPack \u2013 Building an empowering backpack for children\u2019s growth<\/em><\/strong> elnevez\u00e9s\u0171 projekt (2024-1-HU01-KA220-SCH-000250549) m\u00e1sodik nemzetk\u00f6zi partnertal\u00e1lkoz\u00f3j\u00e1ra. Az esem\u00e9nyen iskol\u00e1nkat H\u00e9get\u0151 Katalin \u00e9s Tank\u00f3 Enik\u0151 k\u00e9pviselt\u00e9k. A megbesz\u00e9l\u00e9sen a partnerek (Stichting Incubator, Leeuwarden, Hollandia; Asociaci\u00f3 Esplai Social, Almazora, Spanyolorsz\u00e1g; BeTrained LTD, Nicosia, Ciprus; Stichting School\u2019s Cool, Leeuwarden, Hollandia; valamint a J\u00f3zsef Attila \u00c1ltal\u00e1nos Iskola)\u00a0 ki\u00e9rt\u00e9kelt\u00e9k a m\u00e1r elk\u00e9sz\u00fclt <em>\u00datmutat\u00f3t<\/em>, egyeztettek az elk\u00f6vetkez\u0151 id\u0151szakban kidolgozand\u00f3 eszk\u00f6zt\u00e1rr\u00f3l \u00e9s tan\u00e1ri seg\u00e9dletr\u0151l, tov\u00e1bb\u00e1 k\u00f6rvonalazt\u00e1k a r\u00f6vid t\u00e1v\u00fa l\u00e9p\u00e9seket \u00e9s hat\u00e1rid\u0151ket jel\u00f6ltek ki. A projekttal\u00e1lkoz\u00f3 j\u00f3 hangulatban telt. K\u00f6sz\u00f6net a szervez\u0151knek!<\/p> \n <img loading=\"lazy\" decoding=\"async\" width=\"1290\" height=\"974\" src=\"http:\/\/jozsefattilaiskola.ro\/wp-content\/uploads\/2025\/11\/Guydolf.jpg\" alt=\"Guydolf\" srcset=\"https:\/\/jozsefattilaiskola.ro\/wp-content\/uploads\/2025\/11\/Guydolf.jpg 1290w, https:\/\/jozsefattilaiskola.ro\/wp-content\/uploads\/2025\/11\/Guydolf-300x227.jpg 300w, https:\/\/jozsefattilaiskola.ro\/wp-content\/uploads\/2025\/11\/Guydolf-1024x773.jpg 1024w, https:\/\/jozsefattilaiskola.ro\/wp-content\/uploads\/2025\/11\/Guydolf-768x580.jpg 768w\" sizes=\"(max-width: 1290px) 100vw, 1290px\" \/>","_links":{"self":[{"href":"https:\/\/jozsefattilaiskola.ro\/index.php?rest_route=\/wp\/v2\/posts\/8276"}],"collection":[{"href":"https:\/\/jozsefattilaiskola.ro\/index.php?rest_route=\/wp\/v2\/posts"}],"about":[{"href":"https:\/\/jozsefattilaiskola.ro\/index.php?rest_route=\/wp\/v2\/types\/post"}],"author":[{"embeddable":true,"href":"https:\/\/jozsefattilaiskola.ro\/index.php?rest_route=\/wp\/v2\/users\/1"}],"replies":[{"embeddable":true,"href":"https:\/\/jozsefattilaiskola.ro\/index.php?rest_route=%2Fwp%2Fv2%2Fcomments&post=8276"}],"version-history":[{"count":2,"href":"https:\/\/jozsefattilaiskola.ro\/index.php?rest_route=\/wp\/v2\/posts\/8276\/revisions"}],"predecessor-version":[{"id":8278,"href":"https:\/\/jozsefattilaiskola.ro\/index.php?rest_route=\/wp\/v2\/posts\/8276\/revisions\/8278"}],"wp:attachment":[{"href":"https:\/\/jozsefattilaiskola.ro\/index.php?rest_route=%2Fwp%2Fv2%2Fmedia&parent=8276"}],"wp:term":[{"taxonomy":"category","embeddable":true,"href":"https:\/\/jozsefattilaiskola.ro\/index.php?rest_route=%2Fwp%2Fv2%2Fcategories&post=8276"},{"taxonomy":"post_tag","embeddable":true,"href":"https:\/\/jozsefattilaiskola.ro\/index.php?rest_route=%2Fwp%2Fv2%2Ftags&post=8276"}],"curies":[{"name":"wp","href":"https:\/\/api.w.org\/{rel}","templated":true}]}}