{"id":8173,"date":"2025-09-30T09:09:14","date_gmt":"2025-09-30T06:09:14","guid":{"rendered":"https:\/\/jozsefattilaiskola.ro\/?p=8173"},"modified":"2025-09-30T09:10:04","modified_gmt":"2025-09-30T06:10:04","slug":"pedpilotak-onvezerelt-tanulasi-utmutato-pedagogusoknak-4","status":"publish","type":"post","link":"https:\/\/jozsefattilaiskola.ro\/?p=8173","title":{"rendered":"PedPil\u00f3t\u00e1k \u2013 \u00d6nvez\u00e9relt Tanul\u00e1si \u00datmutat\u00f3 Pedag\u00f3gusoknak"},"content":{"rendered":"<div id=\"themify_builder_content-8173\" data-postid=\"8173\" class=\"themify_builder_content themify_builder_content-8173 themify_builder\">\n\n    \n\t\t<!-- module_row -->\n\t\t<div  class=\"themify_builder_row module_row clearfix module_row_0 themify_builder_8173_row module_row_8173-0\" data-id=\"daada81\">\n\t\t\t\t\t\t<div class=\"row_inner col_align_top\" >\n                                    <div  class=\"module_column tb-column col-full first tb_8173_column module_column_0 module_column_8173-0-0\" data-id=\"63f48f8\" >\n                                                                <div class=\"tb-column-inner\">\n                            \n\n<!-- module text -->\n<div  id=\"text-8173-0-0-0\" class=\"module module-text text-8173-0-0-0  repeat  \" data-id=\"6132433\">\n    <!--insert-->\n    \n        <p>(Erasmus+ projekt, azonos\u00edt\u00f3sz\u00e1m: 2024-1-HU01-KA220-SCH-000250549)<\/p><ol start=\"2025\"><li>szeptember 25\u201327. k\u00f6z\u00f6tt Cs\u00edkszered\u00e1ban zajlott a <strong>PedPil\u00f3t\u00e1k<\/strong> projekt piloting tr\u00e9ningje az Ap\u00e1czai Csere J\u00e1nos Pedag\u00f3gusok H\u00e1z\u00e1ban. A tr\u00e9ningen mindh\u00e1rom partnerorsz\u00e1gb\u00f3l (Magyarorsz\u00e1g, Rom\u00e1nia, Szerbia) 4-4 pedag\u00f3gus vett r\u00e9szt, akik a projekt keret\u00e9ben kidolgozott tananyagot tesztelt\u00e9k \u00e9s \u00e9rt\u00e9kelt\u00e9k.<\/li><\/ol><p>A tr\u00e9ninget k\u00f6vet\u0151en, szeptember 27-\u00e9n megtartottuk a harmadik partnertal\u00e1lkoz\u00f3t, ahol a partnerszervezetek k\u00e9pvisel\u0151i \u00e1tbesz\u00e9lt\u00e9k a pedag\u00f3gusok javaslatait \u00e9s hozz\u00e1sz\u00f3l\u00e1sait, \u00e9s egyeztettek a projekt tov\u00e1bbi l\u00e9p\u00e9seir\u0151l.<\/p><p>K\u00f6sz\u00f6nj\u00fck minden r\u00e9sztvev\u0151 pedag\u00f3gus \u00e9s partner szervezet elk\u00f6telezett munk\u00e1j\u00e1t! \ud83c\udf1f<\/p><p>#PedPil\u00f3t\u00e1k #ErasmusPlus #Tanul\u00e1s #Pedag\u00f3gusok #Nemzetk\u00f6ziEgy\u00fcttm\u0171k\u00f6d\u00e9s #Innov\u00e1ci\u00f3<\/p>        <\/div>\n<!-- \/module text -->\n\n                        <\/div>\n                    \t\t<\/div>\n\t\t                                <\/div>\n                                <!-- \/row_inner -->\n                        <\/div>\n                        <!-- \/module_row -->\n\t\t\n\t\t<!-- module_row -->\n\t\t<div  class=\"themify_builder_row module_row clearfix module_row_1 themify_builder_8173_row module_row_8173-1\" data-id=\"5b7be5d\">\n\t\t\t\t\t\t<div class=\"row_inner col_align_top\" >\n                                    <div  class=\"module_column tb-column col-full first tb_8173_column module_column_0 module_column_8173-1-0\" data-id=\"cc3f9f1\" >\n                                                                <div class=\"tb-column-inner\">\n                            \n\n    <!-- module image -->\n    <div  id=\"image-8173-1-0-0\" class=\"module module-image image-8173-1-0-0  image-top  \" data-id=\"b4ddf44\">\n        <!--insert-->\n        \n        <div class=\"image-wrap\">\n                            <img decoding=\"async\" src=\"http:\/\/jozsefattilaiskola.ro\/wp-content\/uploads\/2025\/09\/1000009673-1024x768.jpg\" alt=\"PedPil\u00f3t\u00e1k \u2013 \u00d6nvez\u00e9relt Tanul\u00e1si \u00datmutat\u00f3 Pedag\u00f3gusoknak\" \/>            \n                        <\/div>\n            <!-- \/image-wrap -->\n        \n        \n            <\/div>\n    <!-- \/module image -->\n\n                        <\/div>\n                    \t\t<\/div>\n\t\t                                <\/div>\n                                <!-- \/row_inner -->\n                        <\/div>\n                        <!-- \/module_row -->\n\t\t\n\t\t<!-- module_row -->\n\t\t<div  class=\"themify_builder_row module_row clearfix module_row_2 themify_builder_8173_row module_row_8173-2\" data-id=\"63f48a6\">\n\t\t\t\t\t\t<div class=\"row_inner col_align_top\" >\n                                    <div  class=\"module_column tb-column col-full first tb_8173_column module_column_0 module_column_8173-2-0\" data-id=\"a1bab6d\" >\n                                                                <div class=\"tb-column-inner\">\n                            \n\n    <!-- module image -->\n    <div  id=\"image-8173-2-0-0\" class=\"module module-image image-8173-2-0-0  image-top  \" data-id=\"96f122a\">\n        <!--insert-->\n        \n        <div class=\"image-wrap\">\n                            <img decoding=\"async\" src=\"http:\/\/jozsefattilaiskola.ro\/wp-content\/uploads\/2025\/09\/1000009696-1024x768.jpg\" alt=\"PedPil\u00f3t\u00e1k \u2013 \u00d6nvez\u00e9relt Tanul\u00e1si \u00datmutat\u00f3 Pedag\u00f3gusoknak\" \/>            \n                        <\/div>\n            <!-- \/image-wrap -->\n        \n        \n            <\/div>\n    <!-- \/module image -->\n\n                        <\/div>\n                    \t\t<\/div>\n\t\t                                <\/div>\n                                <!-- \/row_inner -->\n                        <\/div>\n                        <!-- \/module_row -->\n\t\t\n\t\t<!-- module_row -->\n\t\t<div  class=\"themify_builder_row module_row clearfix module_row_3 themify_builder_8173_row module_row_8173-3\" data-id=\"02c909e\">\n\t\t\t\t\t\t<div class=\"row_inner col_align_top\" >\n                                    <div  class=\"module_column tb-column col-full first tb_8173_column module_column_0 module_column_8173-3-0\" data-id=\"f83df6f\" >\n                                                                <div class=\"tb-column-inner\">\n                            \n\n    <!-- module image -->\n    <div  id=\"image-8173-3-0-0\" class=\"module module-image image-8173-3-0-0  image-top  \" data-id=\"d96d864\">\n        <!--insert-->\n        \n        <div class=\"image-wrap\">\n                            <img decoding=\"async\" src=\"http:\/\/jozsefattilaiskola.ro\/wp-content\/uploads\/2025\/09\/1000009703-1024x768.jpg\" alt=\"PedPil\u00f3t\u00e1k \u2013 \u00d6nvez\u00e9relt Tanul\u00e1si \u00datmutat\u00f3 Pedag\u00f3gusoknak\" \/>            \n                        <\/div>\n            <!-- \/image-wrap -->\n        \n        \n            <\/div>\n    <!-- \/module image -->\n\n                        <\/div>\n                    \t\t<\/div>\n\t\t                                <\/div>\n                                <!-- \/row_inner -->\n                        <\/div>\n                        <!-- \/module_row -->\n\t\t\n\t\t<!-- module_row -->\n\t\t<div  class=\"themify_builder_row module_row clearfix module_row_4 themify_builder_8173_row module_row_8173-4\" data-id=\"985a651\">\n\t\t\t\t\t\t<div class=\"row_inner col_align_top\" >\n                                    <div  class=\"module_column tb-column col-full first tb_8173_column module_column_0 module_column_8173-4-0\" data-id=\"8350ade\" >\n                                                                <div class=\"tb-column-inner\">\n                            \n\n    <!-- module image -->\n    <div  id=\"image-8173-4-0-0\" class=\"module module-image image-8173-4-0-0  image-top  \" data-id=\"43f0c6b\">\n        <!--insert-->\n        \n        <div class=\"image-wrap\">\n                            <img decoding=\"async\" src=\"http:\/\/jozsefattilaiskola.ro\/wp-content\/uploads\/2025\/09\/F3Owds9s-1024x768.jpeg\" alt=\"PedPil\u00f3t\u00e1k \u2013 \u00d6nvez\u00e9relt Tanul\u00e1si \u00datmutat\u00f3 Pedag\u00f3gusoknak\" \/>            \n                        <\/div>\n            <!-- \/image-wrap -->\n        \n        \n            <\/div>\n    <!-- \/module image -->\n\n                        <\/div>\n                    \t\t<\/div>\n\t\t                                <\/div>\n                                <!-- \/row_inner -->\n                        <\/div>\n                        <!-- \/module_row -->\n\t\t<\/div>\n","protected":false},"excerpt":{"rendered":"<p>(Erasmus+ projekt, azonos\u00edt\u00f3sz\u00e1m: 2024-1-HU01-KA220-SCH-000250549) szeptember 25\u201327. k\u00f6z\u00f6tt Cs\u00edkszered\u00e1ban zajlott a PedPil\u00f3t\u00e1k projekt piloting tr\u00e9ningje az Ap\u00e1czai Csere J\u00e1nos Pedag\u00f3gusok H\u00e1z\u00e1ban. A tr\u00e9ningen mindh\u00e1rom partnerorsz\u00e1gb\u00f3l (Magyarorsz\u00e1g, Rom\u00e1nia, Szerbia) 4-4 pedag\u00f3gus vett r\u00e9szt, akik a projekt keret\u00e9ben kidolgozott tananyagot tesztelt\u00e9k \u00e9s \u00e9rt\u00e9kelt\u00e9k. A tr\u00e9ninget k\u00f6vet\u0151en, szeptember 27-\u00e9n megtartottuk a harmadik partnertal\u00e1lkoz\u00f3t, ahol a partnerszervezetek k\u00e9pvisel\u0151i \u00e1tbesz\u00e9lt\u00e9k a [&hellip;]<\/p>\n","protected":false},"author":1,"featured_media":0,"comment_status":"open","ping_status":"open","sticky":false,"template":"","format":"standard","meta":{"footnotes":""},"categories":[47],"tags":[],"class_list":["post-8173","post","type-post","status-publish","format-standard","hentry","category-hirek-hu","no-post-title","no-post-date","has-post-category","has-post-tag","has-post-comment","has-post-author",""],"builder_content":"<p>(Erasmus+ projekt, azonos\u00edt\u00f3sz\u00e1m: 2024-1-HU01-KA220-SCH-000250549)<\/p><ol start=\"2025\"><li>szeptember 25\u201327. k\u00f6z\u00f6tt Cs\u00edkszered\u00e1ban zajlott a <strong>PedPil\u00f3t\u00e1k<\/strong> projekt piloting tr\u00e9ningje az Ap\u00e1czai Csere J\u00e1nos Pedag\u00f3gusok H\u00e1z\u00e1ban. A tr\u00e9ningen mindh\u00e1rom partnerorsz\u00e1gb\u00f3l (Magyarorsz\u00e1g, Rom\u00e1nia, Szerbia) 4-4 pedag\u00f3gus vett r\u00e9szt, akik a projekt keret\u00e9ben kidolgozott tananyagot tesztelt\u00e9k \u00e9s \u00e9rt\u00e9kelt\u00e9k.<\/li><\/ol><p>A tr\u00e9ninget k\u00f6vet\u0151en, szeptember 27-\u00e9n megtartottuk a harmadik partnertal\u00e1lkoz\u00f3t, ahol a partnerszervezetek k\u00e9pvisel\u0151i \u00e1tbesz\u00e9lt\u00e9k a pedag\u00f3gusok javaslatait \u00e9s hozz\u00e1sz\u00f3l\u00e1sait, \u00e9s egyeztettek a projekt tov\u00e1bbi l\u00e9p\u00e9seir\u0151l.<\/p><p>K\u00f6sz\u00f6nj\u00fck minden r\u00e9sztvev\u0151 pedag\u00f3gus \u00e9s partner szervezet elk\u00f6telezett munk\u00e1j\u00e1t! \ud83c\udf1f<\/p><p>#PedPil\u00f3t\u00e1k #ErasmusPlus #Tanul\u00e1s #Pedag\u00f3gusok #Nemzetk\u00f6ziEgy\u00fcttm\u0171k\u00f6d\u00e9s #Innov\u00e1ci\u00f3<\/p> \n <img decoding=\"async\" src=\"http:\/\/jozsefattilaiskola.ro\/wp-content\/uploads\/2025\/09\/1000009673-1024x768.jpg\" alt=\"PedPil\u00f3t\u00e1k \u2013 \u00d6nvez\u00e9relt Tanul\u00e1si \u00datmutat\u00f3 Pedag\u00f3gusoknak\" \/> \n <img decoding=\"async\" src=\"http:\/\/jozsefattilaiskola.ro\/wp-content\/uploads\/2025\/09\/1000009696-1024x768.jpg\" alt=\"PedPil\u00f3t\u00e1k \u2013 \u00d6nvez\u00e9relt Tanul\u00e1si \u00datmutat\u00f3 Pedag\u00f3gusoknak\" \/> \n <img decoding=\"async\" src=\"http:\/\/jozsefattilaiskola.ro\/wp-content\/uploads\/2025\/09\/1000009703-1024x768.jpg\" alt=\"PedPil\u00f3t\u00e1k \u2013 \u00d6nvez\u00e9relt Tanul\u00e1si \u00datmutat\u00f3 Pedag\u00f3gusoknak\" \/> \n <img decoding=\"async\" src=\"http:\/\/jozsefattilaiskola.ro\/wp-content\/uploads\/2025\/09\/F3Owds9s-1024x768.jpeg\" alt=\"PedPil\u00f3t\u00e1k \u2013 \u00d6nvez\u00e9relt Tanul\u00e1si \u00datmutat\u00f3 Pedag\u00f3gusoknak\" \/>","_links":{"self":[{"href":"https:\/\/jozsefattilaiskola.ro\/index.php?rest_route=\/wp\/v2\/posts\/8173"}],"collection":[{"href":"https:\/\/jozsefattilaiskola.ro\/index.php?rest_route=\/wp\/v2\/posts"}],"about":[{"href":"https:\/\/jozsefattilaiskola.ro\/index.php?rest_route=\/wp\/v2\/types\/post"}],"author":[{"embeddable":true,"href":"https:\/\/jozsefattilaiskola.ro\/index.php?rest_route=\/wp\/v2\/users\/1"}],"replies":[{"embeddable":true,"href":"https:\/\/jozsefattilaiskola.ro\/index.php?rest_route=%2Fwp%2Fv2%2Fcomments&post=8173"}],"version-history":[{"count":16,"href":"https:\/\/jozsefattilaiskola.ro\/index.php?rest_route=\/wp\/v2\/posts\/8173\/revisions"}],"predecessor-version":[{"id":8193,"href":"https:\/\/jozsefattilaiskola.ro\/index.php?rest_route=\/wp\/v2\/posts\/8173\/revisions\/8193"}],"wp:attachment":[{"href":"https:\/\/jozsefattilaiskola.ro\/index.php?rest_route=%2Fwp%2Fv2%2Fmedia&parent=8173"}],"wp:term":[{"taxonomy":"category","embeddable":true,"href":"https:\/\/jozsefattilaiskola.ro\/index.php?rest_route=%2Fwp%2Fv2%2Fcategories&post=8173"},{"taxonomy":"post_tag","embeddable":true,"href":"https:\/\/jozsefattilaiskola.ro\/index.php?rest_route=%2Fwp%2Fv2%2Ftags&post=8173"}],"curies":[{"name":"wp","href":"https:\/\/api.w.org\/{rel}","templated":true}]}}