{"id":8169,"date":"2025-08-28T12:03:00","date_gmt":"2025-08-28T09:03:00","guid":{"rendered":"https:\/\/jozsefattilaiskola.ro\/?p=8169"},"modified":"2025-09-29T12:04:43","modified_gmt":"2025-09-29T09:04:43","slug":"pedpilotak-onvezerelt-tanulasi-utmutato-pedagogusoknak-3","status":"publish","type":"post","link":"https:\/\/jozsefattilaiskola.ro\/?p=8169","title":{"rendered":"PedPil\u00f3t\u00e1k \u2013 \u00d6nvez\u00e9relt Tanul\u00e1si \u00datmutat\u00f3 Pedag\u00f3gusoknak"},"content":{"rendered":"<div id=\"themify_builder_content-8169\" data-postid=\"8169\" class=\"themify_builder_content themify_builder_content-8169 themify_builder\">\n\n    \n\t\t<!-- module_row -->\n\t\t<div  class=\"themify_builder_row module_row clearfix module_row_0 themify_builder_8169_row module_row_8169-0\" data-id=\"c47bc98\">\n\t\t\t\t\t\t<div class=\"row_inner col_align_top\" >\n                                    <div  class=\"module_column tb-column col-full first tb_8169_column module_column_0 module_column_8169-0-0\" data-id=\"c6803bd\" >\n                                                                <div class=\"tb-column-inner\">\n                            \n\n<!-- module text -->\n<div  id=\"text-8169-0-0-0\" class=\"module module-text text-8169-0-0-0  repeat  \" data-id=\"7c864a6\">\n    <!--insert-->\n    \n        <p>Izgatottan v\u00e1rjuk, hogy a <strong><em>PedPil\u00f3t\u00e1k \u2013 \u00d6nvez\u00e9relt Tanul\u00e1si \u00datmutat\u00f3 Pedag\u00f3gusoknak<\/em><\/strong><strong> (2024-1-HU01-KA220-SCH-000250549) Erasmus+ projekt <\/strong>szeptemberre tervezett pilot tr\u00e9ningj\u00e9n a r\u00e9sztvev\u0151k kipr\u00f3b\u00e1lj\u00e1k a WP2 tr\u00e9ninganyagot \u00e9s megossz\u00e1k tapasztalataikat. Ezt k\u00f6vet\u0151en Cs\u00edkszered\u00e1ban partner<strong>tal\u00e1lkoz\u00f3 is lesz<\/strong>, ahol \u00e1ttekintj\u00fck az eredm\u00e9nyeket \u00e9s megbesz\u00e9lj\u00fck a k\u00f6vetkez\u0151 l\u00e9p\u00e9seket. Nekifogtunk a<strong> szervez\u00e9snek<\/strong>! \ud83d\ude42<\/p>        <\/div>\n<!-- \/module text -->\n\n                        <\/div>\n                    \t\t<\/div>\n\t\t                                <\/div>\n                                <!-- \/row_inner -->\n                        <\/div>\n                        <!-- \/module_row -->\n\t\t\n\t\t<!-- module_row -->\n\t\t<div  class=\"themify_builder_row module_row clearfix module_row_1 themify_builder_8169_row module_row_8169-1\" data-id=\"41cde88\">\n\t\t\t\t\t\t<div class=\"row_inner col_align_top\" >\n                                    <div  class=\"module_column tb-column col-full first tb_8169_column module_column_0 module_column_8169-1-0\" data-id=\"8c4882b\" >\n                                                                <div class=\"tb-column-inner\">\n                            \n\n    <!-- module image -->\n    <div  id=\"image-8169-1-0-0\" class=\"module module-image image-8169-1-0-0  image-top  \" data-id=\"6fa4ce7\">\n        <!--insert-->\n        \n        <div class=\"image-wrap\">\n                            <img loading=\"lazy\" decoding=\"async\" width=\"768\" height=\"1024\" src=\"http:\/\/jozsefattilaiskola.ro\/wp-content\/uploads\/2025\/09\/kep5-768x1024.jpg\" class=\" wp-post-image wp-image-8170\" alt=\"kep5\" srcset=\"https:\/\/jozsefattilaiskola.ro\/wp-content\/uploads\/2025\/09\/kep5-768x1024.jpg 768w, https:\/\/jozsefattilaiskola.ro\/wp-content\/uploads\/2025\/09\/kep5-225x300.jpg 225w, https:\/\/jozsefattilaiskola.ro\/wp-content\/uploads\/2025\/09\/kep5-1152x1536.jpg 1152w, https:\/\/jozsefattilaiskola.ro\/wp-content\/uploads\/2025\/09\/kep5.jpg 1536w\" sizes=\"(max-width: 768px) 100vw, 768px\" \/>            \n                        <\/div>\n            <!-- \/image-wrap -->\n        \n        \n            <\/div>\n    <!-- \/module image -->\n\n                        <\/div>\n                    \t\t<\/div>\n\t\t                                <\/div>\n                                <!-- \/row_inner -->\n                        <\/div>\n                        <!-- \/module_row -->\n\t\t\n\t\t<!-- module_row -->\n\t\t<div  class=\"themify_builder_row module_row clearfix module_row_2 themify_builder_8169_row module_row_8169-2\" data-id=\"cb5c7c4\">\n\t\t\t\t\t\t<div class=\"row_inner col_align_top\" >\n                                    <div  class=\"module_column tb-column col-full first tb_8169_column module_column_0 module_column_8169-2-0\" data-id=\"c26b53c\" >\n                                                                <div class=\"tb-column-inner\">\n                            \n\n    <!-- module image -->\n    <div  id=\"image-8169-2-0-0\" class=\"module module-image image-8169-2-0-0  image-top  \" data-id=\"80a74f1\">\n        <!--insert-->\n        \n        <div class=\"image-wrap\">\n                            <img loading=\"lazy\" decoding=\"async\" width=\"768\" height=\"1024\" src=\"http:\/\/jozsefattilaiskola.ro\/wp-content\/uploads\/2025\/09\/kep6-768x1024.jpg\" class=\" wp-post-image wp-image-8171\" alt=\"kep6\" srcset=\"https:\/\/jozsefattilaiskola.ro\/wp-content\/uploads\/2025\/09\/kep6-768x1024.jpg 768w, https:\/\/jozsefattilaiskola.ro\/wp-content\/uploads\/2025\/09\/kep6-225x300.jpg 225w, https:\/\/jozsefattilaiskola.ro\/wp-content\/uploads\/2025\/09\/kep6-1152x1536.jpg 1152w, https:\/\/jozsefattilaiskola.ro\/wp-content\/uploads\/2025\/09\/kep6.jpg 1536w\" sizes=\"(max-width: 768px) 100vw, 768px\" \/>            \n                        <\/div>\n            <!-- \/image-wrap -->\n        \n        \n            <\/div>\n    <!-- \/module image -->\n\n                        <\/div>\n                    \t\t<\/div>\n\t\t                                <\/div>\n                                <!-- \/row_inner -->\n                        <\/div>\n                        <!-- \/module_row -->\n\t\t<\/div>\n","protected":false},"excerpt":{"rendered":"<p>Izgatottan v\u00e1rjuk, hogy a PedPil\u00f3t\u00e1k \u2013 \u00d6nvez\u00e9relt Tanul\u00e1si \u00datmutat\u00f3 Pedag\u00f3gusoknak (2024-1-HU01-KA220-SCH-000250549) Erasmus+ projekt szeptemberre tervezett pilot tr\u00e9ningj\u00e9n a r\u00e9sztvev\u0151k kipr\u00f3b\u00e1lj\u00e1k a WP2 tr\u00e9ninganyagot \u00e9s megossz\u00e1k tapasztalataikat. Ezt k\u00f6vet\u0151en Cs\u00edkszered\u00e1ban partnertal\u00e1lkoz\u00f3 is lesz, ahol \u00e1ttekintj\u00fck az eredm\u00e9nyeket \u00e9s megbesz\u00e9lj\u00fck a k\u00f6vetkez\u0151 l\u00e9p\u00e9seket. Nekifogtunk a szervez\u00e9snek! \ud83d\ude42<\/p>\n","protected":false},"author":1,"featured_media":0,"comment_status":"open","ping_status":"open","sticky":false,"template":"","format":"standard","meta":{"footnotes":""},"categories":[47],"tags":[],"class_list":["post-8169","post","type-post","status-publish","format-standard","hentry","category-hirek-hu","no-post-title","no-post-date","has-post-category","has-post-tag","has-post-comment","has-post-author",""],"builder_content":"<p>Izgatottan v\u00e1rjuk, hogy a <strong><em>PedPil\u00f3t\u00e1k \u2013 \u00d6nvez\u00e9relt Tanul\u00e1si \u00datmutat\u00f3 Pedag\u00f3gusoknak<\/em><\/strong><strong> (2024-1-HU01-KA220-SCH-000250549) Erasmus+ projekt <\/strong>szeptemberre tervezett pilot tr\u00e9ningj\u00e9n a r\u00e9sztvev\u0151k kipr\u00f3b\u00e1lj\u00e1k a WP2 tr\u00e9ninganyagot \u00e9s megossz\u00e1k tapasztalataikat. Ezt k\u00f6vet\u0151en Cs\u00edkszered\u00e1ban partner<strong>tal\u00e1lkoz\u00f3 is lesz<\/strong>, ahol \u00e1ttekintj\u00fck az eredm\u00e9nyeket \u00e9s megbesz\u00e9lj\u00fck a k\u00f6vetkez\u0151 l\u00e9p\u00e9seket. Nekifogtunk a<strong> szervez\u00e9snek<\/strong>! :)<\/p> \n <img loading=\"lazy\" decoding=\"async\" width=\"768\" height=\"1024\" src=\"http:\/\/jozsefattilaiskola.ro\/wp-content\/uploads\/2025\/09\/kep5-768x1024.jpg\" alt=\"kep5\" srcset=\"https:\/\/jozsefattilaiskola.ro\/wp-content\/uploads\/2025\/09\/kep5-768x1024.jpg 768w, https:\/\/jozsefattilaiskola.ro\/wp-content\/uploads\/2025\/09\/kep5-225x300.jpg 225w, https:\/\/jozsefattilaiskola.ro\/wp-content\/uploads\/2025\/09\/kep5-1152x1536.jpg 1152w, https:\/\/jozsefattilaiskola.ro\/wp-content\/uploads\/2025\/09\/kep5.jpg 1536w\" sizes=\"(max-width: 768px) 100vw, 768px\" \/> \n <img loading=\"lazy\" decoding=\"async\" width=\"768\" height=\"1024\" src=\"http:\/\/jozsefattilaiskola.ro\/wp-content\/uploads\/2025\/09\/kep6-768x1024.jpg\" alt=\"kep6\" srcset=\"https:\/\/jozsefattilaiskola.ro\/wp-content\/uploads\/2025\/09\/kep6-768x1024.jpg 768w, https:\/\/jozsefattilaiskola.ro\/wp-content\/uploads\/2025\/09\/kep6-225x300.jpg 225w, https:\/\/jozsefattilaiskola.ro\/wp-content\/uploads\/2025\/09\/kep6-1152x1536.jpg 1152w, https:\/\/jozsefattilaiskola.ro\/wp-content\/uploads\/2025\/09\/kep6.jpg 1536w\" sizes=\"(max-width: 768px) 100vw, 768px\" \/>","_links":{"self":[{"href":"https:\/\/jozsefattilaiskola.ro\/index.php?rest_route=\/wp\/v2\/posts\/8169"}],"collection":[{"href":"https:\/\/jozsefattilaiskola.ro\/index.php?rest_route=\/wp\/v2\/posts"}],"about":[{"href":"https:\/\/jozsefattilaiskola.ro\/index.php?rest_route=\/wp\/v2\/types\/post"}],"author":[{"embeddable":true,"href":"https:\/\/jozsefattilaiskola.ro\/index.php?rest_route=\/wp\/v2\/users\/1"}],"replies":[{"embeddable":true,"href":"https:\/\/jozsefattilaiskola.ro\/index.php?rest_route=%2Fwp%2Fv2%2Fcomments&post=8169"}],"version-history":[{"count":1,"href":"https:\/\/jozsefattilaiskola.ro\/index.php?rest_route=\/wp\/v2\/posts\/8169\/revisions"}],"predecessor-version":[{"id":8172,"href":"https:\/\/jozsefattilaiskola.ro\/index.php?rest_route=\/wp\/v2\/posts\/8169\/revisions\/8172"}],"wp:attachment":[{"href":"https:\/\/jozsefattilaiskola.ro\/index.php?rest_route=%2Fwp%2Fv2%2Fmedia&parent=8169"}],"wp:term":[{"taxonomy":"category","embeddable":true,"href":"https:\/\/jozsefattilaiskola.ro\/index.php?rest_route=%2Fwp%2Fv2%2Fcategories&post=8169"},{"taxonomy":"post_tag","embeddable":true,"href":"https:\/\/jozsefattilaiskola.ro\/index.php?rest_route=%2Fwp%2Fv2%2Ftags&post=8169"}],"curies":[{"name":"wp","href":"https:\/\/api.w.org\/{rel}","templated":true}]}}