{"id":8166,"date":"2025-07-04T11:59:00","date_gmt":"2025-07-04T08:59:00","guid":{"rendered":"https:\/\/jozsefattilaiskola.ro\/?p=8166"},"modified":"2025-09-29T11:59:58","modified_gmt":"2025-09-29T08:59:58","slug":"a-pedpilotak-onvezerelt-tanulasi-utmutato-pedagogusoknak-2","status":"publish","type":"post","link":"https:\/\/jozsefattilaiskola.ro\/?p=8166","title":{"rendered":"A PedPil\u00f3t\u00e1k \u2013 \u00d6nvez\u00e9relt Tanul\u00e1si \u00datmutat\u00f3 Pedag\u00f3gusoknak"},"content":{"rendered":"<div id=\"themify_builder_content-8166\" data-postid=\"8166\" class=\"themify_builder_content themify_builder_content-8166 themify_builder\">\n\n    \n\t\t<!-- module_row -->\n\t\t<div  class=\"themify_builder_row module_row clearfix module_row_0 themify_builder_8166_row module_row_8166-0\" data-id=\"23f532c\">\n\t\t\t\t\t\t<div class=\"row_inner col_align_top\" >\n                                    <div  class=\"module_column tb-column col-full first tb_8166_column module_column_0 module_column_8166-0-0\" data-id=\"a8d1bce\" >\n                                                                <div class=\"tb-column-inner\">\n                            \n\n<!-- module text -->\n<div  id=\"text-8166-0-0-0\" class=\"module module-text text-8166-0-0-0  repeat  \" data-id=\"3db24bf\">\n    <!--insert-->\n    \n        <p><strong>A <em>PedPil\u00f3t\u00e1k \u2013 \u00d6nvez\u00e9relt Tanul\u00e1si \u00datmutat\u00f3 Pedag\u00f3gusoknak<\/em> (2024-1-HU01-KA220-SCH-000250549) Erasmus+ projekt\u00fcnk <\/strong>keret\u00e9ben 2025. j\u00falius\u00e1ban v\u00e9gleges\u00edtett\u00fck a <strong>WP2 tr\u00e9ninganyag magyar nyelv\u0171 tananyag\u00e1t.<\/strong> C\u00e9lunk az volt, hogy olyan anyagot hozzunk l\u00e9tre, amely a pedag\u00f3gusok nemzetk\u00f6zi mobilit\u00e1sait t\u00e1mogatja, <strong>megk\u00f6nny\u00edtv\u00e9n munk\u00e1jukat, amikor nemzetk\u00f6zi mobilit\u00e1sokat szerveznek<\/strong>.<\/p>        <\/div>\n<!-- \/module text -->\n\n                        <\/div>\n                    \t\t<\/div>\n\t\t                                <\/div>\n                                <!-- \/row_inner -->\n                        <\/div>\n                        <!-- \/module_row -->\n\t\t\n\t\t<!-- module_row -->\n\t\t<div  class=\"themify_builder_row module_row clearfix module_row_1 themify_builder_8166_row module_row_8166-1\" data-id=\"1653844\">\n\t\t\t\t\t\t<div class=\"row_inner col_align_top\" >\n                                    <div  class=\"module_column tb-column col-full first tb_8166_column module_column_0 module_column_8166-1-0\" data-id=\"cc0b2cd\" >\n                                                                <div class=\"tb-column-inner\">\n                            \n\n    <!-- module image -->\n    <div  id=\"image-8166-1-0-0\" class=\"module module-image image-8166-1-0-0  image-top  \" data-id=\"8f0d19b\">\n        <!--insert-->\n        \n        <div class=\"image-wrap\">\n                            <img loading=\"lazy\" decoding=\"async\" width=\"2048\" height=\"1536\" src=\"http:\/\/jozsefattilaiskola.ro\/wp-content\/uploads\/2025\/09\/kep4.png\" class=\" wp-post-image wp-image-8167\" alt=\"kep4\" srcset=\"https:\/\/jozsefattilaiskola.ro\/wp-content\/uploads\/2025\/09\/kep4.png 2048w, https:\/\/jozsefattilaiskola.ro\/wp-content\/uploads\/2025\/09\/kep4-300x225.png 300w, https:\/\/jozsefattilaiskola.ro\/wp-content\/uploads\/2025\/09\/kep4-1024x768.png 1024w, https:\/\/jozsefattilaiskola.ro\/wp-content\/uploads\/2025\/09\/kep4-768x576.png 768w, https:\/\/jozsefattilaiskola.ro\/wp-content\/uploads\/2025\/09\/kep4-1536x1152.png 1536w, https:\/\/jozsefattilaiskola.ro\/wp-content\/uploads\/2025\/09\/kep4-1024x768-230x172.png 230w\" sizes=\"(max-width: 2048px) 100vw, 2048px\" \/>            \n                        <\/div>\n            <!-- \/image-wrap -->\n        \n        \n            <\/div>\n    <!-- \/module image -->\n\n                        <\/div>\n                    \t\t<\/div>\n\t\t                                <\/div>\n                                <!-- \/row_inner -->\n                        <\/div>\n                        <!-- \/module_row -->\n\t\t<\/div>\n","protected":false},"excerpt":{"rendered":"<p>A PedPil\u00f3t\u00e1k \u2013 \u00d6nvez\u00e9relt Tanul\u00e1si \u00datmutat\u00f3 Pedag\u00f3gusoknak (2024-1-HU01-KA220-SCH-000250549) Erasmus+ projekt\u00fcnk keret\u00e9ben 2025. j\u00falius\u00e1ban v\u00e9gleges\u00edtett\u00fck a WP2 tr\u00e9ninganyag magyar nyelv\u0171 tananyag\u00e1t. C\u00e9lunk az volt, hogy olyan anyagot hozzunk l\u00e9tre, amely a pedag\u00f3gusok nemzetk\u00f6zi mobilit\u00e1sait t\u00e1mogatja, megk\u00f6nny\u00edtv\u00e9n munk\u00e1jukat, amikor nemzetk\u00f6zi mobilit\u00e1sokat szerveznek.<\/p>\n","protected":false},"author":1,"featured_media":0,"comment_status":"open","ping_status":"open","sticky":false,"template":"","format":"standard","meta":{"footnotes":""},"categories":[47],"tags":[],"class_list":["post-8166","post","type-post","status-publish","format-standard","hentry","category-hirek-hu","no-post-title","no-post-date","has-post-category","has-post-tag","has-post-comment","has-post-author",""],"builder_content":"<p><strong>A <em>PedPil\u00f3t\u00e1k \u2013 \u00d6nvez\u00e9relt Tanul\u00e1si \u00datmutat\u00f3 Pedag\u00f3gusoknak<\/em> (2024-1-HU01-KA220-SCH-000250549) Erasmus+ projekt\u00fcnk <\/strong>keret\u00e9ben 2025. j\u00falius\u00e1ban v\u00e9gleges\u00edtett\u00fck a <strong>WP2 tr\u00e9ninganyag magyar nyelv\u0171 tananyag\u00e1t.<\/strong> C\u00e9lunk az volt, hogy olyan anyagot hozzunk l\u00e9tre, amely a pedag\u00f3gusok nemzetk\u00f6zi mobilit\u00e1sait t\u00e1mogatja, <strong>megk\u00f6nny\u00edtv\u00e9n munk\u00e1jukat, amikor nemzetk\u00f6zi mobilit\u00e1sokat szerveznek<\/strong>.<\/p> \n <img loading=\"lazy\" decoding=\"async\" width=\"2048\" height=\"1536\" src=\"http:\/\/jozsefattilaiskola.ro\/wp-content\/uploads\/2025\/09\/kep4.png\" alt=\"kep4\" srcset=\"https:\/\/jozsefattilaiskola.ro\/wp-content\/uploads\/2025\/09\/kep4.png 2048w, https:\/\/jozsefattilaiskola.ro\/wp-content\/uploads\/2025\/09\/kep4-300x225.png 300w, https:\/\/jozsefattilaiskola.ro\/wp-content\/uploads\/2025\/09\/kep4-1024x768.png 1024w, https:\/\/jozsefattilaiskola.ro\/wp-content\/uploads\/2025\/09\/kep4-768x576.png 768w, https:\/\/jozsefattilaiskola.ro\/wp-content\/uploads\/2025\/09\/kep4-1536x1152.png 1536w, https:\/\/jozsefattilaiskola.ro\/wp-content\/uploads\/2025\/09\/kep4-1024x768-230x172.png 230w\" sizes=\"(max-width: 2048px) 100vw, 2048px\" \/>","_links":{"self":[{"href":"https:\/\/jozsefattilaiskola.ro\/index.php?rest_route=\/wp\/v2\/posts\/8166"}],"collection":[{"href":"https:\/\/jozsefattilaiskola.ro\/index.php?rest_route=\/wp\/v2\/posts"}],"about":[{"href":"https:\/\/jozsefattilaiskola.ro\/index.php?rest_route=\/wp\/v2\/types\/post"}],"author":[{"embeddable":true,"href":"https:\/\/jozsefattilaiskola.ro\/index.php?rest_route=\/wp\/v2\/users\/1"}],"replies":[{"embeddable":true,"href":"https:\/\/jozsefattilaiskola.ro\/index.php?rest_route=%2Fwp%2Fv2%2Fcomments&post=8166"}],"version-history":[{"count":1,"href":"https:\/\/jozsefattilaiskola.ro\/index.php?rest_route=\/wp\/v2\/posts\/8166\/revisions"}],"predecessor-version":[{"id":8168,"href":"https:\/\/jozsefattilaiskola.ro\/index.php?rest_route=\/wp\/v2\/posts\/8166\/revisions\/8168"}],"wp:attachment":[{"href":"https:\/\/jozsefattilaiskola.ro\/index.php?rest_route=%2Fwp%2Fv2%2Fmedia&parent=8166"}],"wp:term":[{"taxonomy":"category","embeddable":true,"href":"https:\/\/jozsefattilaiskola.ro\/index.php?rest_route=%2Fwp%2Fv2%2Fcategories&post=8166"},{"taxonomy":"post_tag","embeddable":true,"href":"https:\/\/jozsefattilaiskola.ro\/index.php?rest_route=%2Fwp%2Fv2%2Ftags&post=8166"}],"curies":[{"name":"wp","href":"https:\/\/api.w.org\/{rel}","templated":true}]}}