{"id":8162,"date":"2025-06-23T11:49:00","date_gmt":"2025-06-23T08:49:00","guid":{"rendered":"https:\/\/jozsefattilaiskola.ro\/?p=8162"},"modified":"2025-09-29T11:52:15","modified_gmt":"2025-09-29T08:52:15","slug":"pedpilotak-onvezerelt-tanulasi-utmutato-pedagogusoknak-2","status":"publish","type":"post","link":"https:\/\/jozsefattilaiskola.ro\/?p=8162","title":{"rendered":"PedPil\u00f3t\u00e1k \u2013 \u00d6nvez\u00e9relt Tanul\u00e1si \u00datmutat\u00f3 Pedag\u00f3gusoknak"},"content":{"rendered":"<div id=\"themify_builder_content-8162\" data-postid=\"8162\" class=\"themify_builder_content themify_builder_content-8162 themify_builder\">\n\n    \n\t\t<!-- module_row -->\n\t\t<div  class=\"themify_builder_row module_row clearfix module_row_0 themify_builder_8162_row module_row_8162-0\" data-id=\"b12a3e5\">\n\t\t\t\t\t\t<div class=\"row_inner col_align_top\" >\n                                    <div  class=\"module_column tb-column col-full first tb_8162_column module_column_0 module_column_8162-0-0\" data-id=\"3d0bb65\" >\n                                                                <div class=\"tb-column-inner\">\n                            \n\n<!-- module text -->\n<div  id=\"text-8162-0-0-0\" class=\"module module-text text-8162-0-0-0  repeat  \" data-id=\"67a2755\">\n    <!--insert-->\n    \n        <p><strong>A mai online meetingen a <em>PedPil\u00f3t\u00e1k \u2013 \u00d6nvez\u00e9relt Tanul\u00e1si \u00datmutat\u00f3 Pedag\u00f3gusoknak<\/em> (2024-1-HU01-KA220-SCH-000250549) Erasmus+ projekt\u00fcnk <\/strong>keret\u00e9ben elk\u00e9sz\u00edtett, <strong>az \u00f6nszab\u00e1lyz\u00f3 tanul\u00e1s t\u00e9m\u00e1j\u00e1ban kidolgozand\u00f3 m\u00f3dszertani \u00fatmutat\u00f3 keretrendszer\u00e9t v\u00e9gleges\u00edtett\u00fck.<\/strong> A keretrendszert a h\u00e1rom partnerorsz\u00e1gban (Magyarorsz\u00e1g, Szerbia \u00e9s Rom\u00e1nia) szervezett workshopokon megfogalmazott <strong>f\u0151bb tartalmi ir\u00e1nyelvek <\/strong>k\u00f6r\u00e9 \u00e9p\u00edtett\u00fck. K\u00f6vetkezik a tematika k\u00f6rvonalaz\u00e1sa. \ud83d\ude42<\/p>        <\/div>\n<!-- \/module text -->\n\n                        <\/div>\n                    \t\t<\/div>\n\t\t                                <\/div>\n                                <!-- \/row_inner -->\n                        <\/div>\n                        <!-- \/module_row -->\n\t\t\n\t\t<!-- module_row -->\n\t\t<div  class=\"themify_builder_row module_row clearfix module_row_1 themify_builder_8162_row module_row_8162-1\" data-id=\"df5fc69\">\n\t\t\t\t\t\t<div class=\"row_inner col_align_top\" >\n                                    <div  class=\"module_column tb-column col-full first tb_8162_column module_column_0 module_column_8162-1-0\" data-id=\"1166220\" >\n                                                                <div class=\"tb-column-inner\">\n                            \n\n    <!-- module image -->\n    <div  id=\"image-8162-1-0-0\" class=\"module module-image image-8162-1-0-0  image-top  \" data-id=\"3f8bdde\">\n        <!--insert-->\n        \n        <div class=\"image-wrap\">\n                            <img loading=\"lazy\" decoding=\"async\" width=\"828\" height=\"621\" src=\"http:\/\/jozsefattilaiskola.ro\/wp-content\/uploads\/2025\/09\/kep3.jpg\" class=\" wp-post-image wp-image-8163\" alt=\"kep3\" srcset=\"https:\/\/jozsefattilaiskola.ro\/wp-content\/uploads\/2025\/09\/kep3.jpg 828w, https:\/\/jozsefattilaiskola.ro\/wp-content\/uploads\/2025\/09\/kep3-300x225.jpg 300w, https:\/\/jozsefattilaiskola.ro\/wp-content\/uploads\/2025\/09\/kep3-768x576.jpg 768w, https:\/\/jozsefattilaiskola.ro\/wp-content\/uploads\/2025\/09\/kep3-230x172.jpg 230w\" sizes=\"(max-width: 828px) 100vw, 828px\" \/>            \n                        <\/div>\n            <!-- \/image-wrap -->\n        \n        \n            <\/div>\n    <!-- \/module image -->\n\n                        <\/div>\n                    \t\t<\/div>\n\t\t                                <\/div>\n                                <!-- \/row_inner -->\n                        <\/div>\n                        <!-- \/module_row -->\n\t\t<\/div>\n","protected":false},"excerpt":{"rendered":"<p>A mai online meetingen a PedPil\u00f3t\u00e1k \u2013 \u00d6nvez\u00e9relt Tanul\u00e1si \u00datmutat\u00f3 Pedag\u00f3gusoknak (2024-1-HU01-KA220-SCH-000250549) Erasmus+ projekt\u00fcnk keret\u00e9ben elk\u00e9sz\u00edtett, az \u00f6nszab\u00e1lyz\u00f3 tanul\u00e1s t\u00e9m\u00e1j\u00e1ban kidolgozand\u00f3 m\u00f3dszertani \u00fatmutat\u00f3 keretrendszer\u00e9t v\u00e9gleges\u00edtett\u00fck. A keretrendszert a h\u00e1rom partnerorsz\u00e1gban (Magyarorsz\u00e1g, Szerbia \u00e9s Rom\u00e1nia) szervezett workshopokon megfogalmazott f\u0151bb tartalmi ir\u00e1nyelvek k\u00f6r\u00e9 \u00e9p\u00edtett\u00fck. K\u00f6vetkezik a tematika k\u00f6rvonalaz\u00e1sa. \ud83d\ude42<\/p>\n","protected":false},"author":1,"featured_media":0,"comment_status":"open","ping_status":"open","sticky":false,"template":"","format":"standard","meta":{"footnotes":""},"categories":[47],"tags":[],"class_list":["post-8162","post","type-post","status-publish","format-standard","hentry","category-hirek-hu","no-post-title","no-post-date","has-post-category","has-post-tag","has-post-comment","has-post-author",""],"builder_content":"<p><strong>A mai online meetingen a <em>PedPil\u00f3t\u00e1k \u2013 \u00d6nvez\u00e9relt Tanul\u00e1si \u00datmutat\u00f3 Pedag\u00f3gusoknak<\/em> (2024-1-HU01-KA220-SCH-000250549) Erasmus+ projekt\u00fcnk <\/strong>keret\u00e9ben elk\u00e9sz\u00edtett, <strong>az \u00f6nszab\u00e1lyz\u00f3 tanul\u00e1s t\u00e9m\u00e1j\u00e1ban kidolgozand\u00f3 m\u00f3dszertani \u00fatmutat\u00f3 keretrendszer\u00e9t v\u00e9gleges\u00edtett\u00fck.<\/strong> A keretrendszert a h\u00e1rom partnerorsz\u00e1gban (Magyarorsz\u00e1g, Szerbia \u00e9s Rom\u00e1nia) szervezett workshopokon megfogalmazott <strong>f\u0151bb tartalmi ir\u00e1nyelvek <\/strong>k\u00f6r\u00e9 \u00e9p\u00edtett\u00fck. K\u00f6vetkezik a tematika k\u00f6rvonalaz\u00e1sa. :)<\/p> \n <img loading=\"lazy\" decoding=\"async\" width=\"828\" height=\"621\" src=\"http:\/\/jozsefattilaiskola.ro\/wp-content\/uploads\/2025\/09\/kep3.jpg\" alt=\"kep3\" srcset=\"https:\/\/jozsefattilaiskola.ro\/wp-content\/uploads\/2025\/09\/kep3.jpg 828w, https:\/\/jozsefattilaiskola.ro\/wp-content\/uploads\/2025\/09\/kep3-300x225.jpg 300w, https:\/\/jozsefattilaiskola.ro\/wp-content\/uploads\/2025\/09\/kep3-768x576.jpg 768w, https:\/\/jozsefattilaiskola.ro\/wp-content\/uploads\/2025\/09\/kep3-230x172.jpg 230w\" sizes=\"(max-width: 828px) 100vw, 828px\" \/>","_links":{"self":[{"href":"https:\/\/jozsefattilaiskola.ro\/index.php?rest_route=\/wp\/v2\/posts\/8162"}],"collection":[{"href":"https:\/\/jozsefattilaiskola.ro\/index.php?rest_route=\/wp\/v2\/posts"}],"about":[{"href":"https:\/\/jozsefattilaiskola.ro\/index.php?rest_route=\/wp\/v2\/types\/post"}],"author":[{"embeddable":true,"href":"https:\/\/jozsefattilaiskola.ro\/index.php?rest_route=\/wp\/v2\/users\/1"}],"replies":[{"embeddable":true,"href":"https:\/\/jozsefattilaiskola.ro\/index.php?rest_route=%2Fwp%2Fv2%2Fcomments&post=8162"}],"version-history":[{"count":2,"href":"https:\/\/jozsefattilaiskola.ro\/index.php?rest_route=\/wp\/v2\/posts\/8162\/revisions"}],"predecessor-version":[{"id":8165,"href":"https:\/\/jozsefattilaiskola.ro\/index.php?rest_route=\/wp\/v2\/posts\/8162\/revisions\/8165"}],"wp:attachment":[{"href":"https:\/\/jozsefattilaiskola.ro\/index.php?rest_route=%2Fwp%2Fv2%2Fmedia&parent=8162"}],"wp:term":[{"taxonomy":"category","embeddable":true,"href":"https:\/\/jozsefattilaiskola.ro\/index.php?rest_route=%2Fwp%2Fv2%2Fcategories&post=8162"},{"taxonomy":"post_tag","embeddable":true,"href":"https:\/\/jozsefattilaiskola.ro\/index.php?rest_route=%2Fwp%2Fv2%2Ftags&post=8162"}],"curies":[{"name":"wp","href":"https:\/\/api.w.org\/{rel}","templated":true}]}}