{"id":8158,"date":"2025-05-16T11:45:00","date_gmt":"2025-05-16T08:45:00","guid":{"rendered":"https:\/\/jozsefattilaiskola.ro\/?p=8158"},"modified":"2025-09-29T11:47:00","modified_gmt":"2025-09-29T08:47:00","slug":"pedpilotak-onvezerelt-tanulasi-utmutato-pedagogusoknak","status":"publish","type":"post","link":"https:\/\/jozsefattilaiskola.ro\/?p=8158","title":{"rendered":"PedPil\u00f3t\u00e1k &#8211; \u00d6nvez\u00e9relt Tanul\u00e1si \u00datmutat\u00f3 Pedag\u00f3gusoknak"},"content":{"rendered":"<div id=\"themify_builder_content-8158\" data-postid=\"8158\" class=\"themify_builder_content themify_builder_content-8158 themify_builder\">\n\n    \n\t\t<!-- module_row -->\n\t\t<div  class=\"themify_builder_row module_row clearfix module_row_0 themify_builder_8158_row module_row_8158-0\" data-id=\"27131d2\">\n\t\t\t\t\t\t<div class=\"row_inner col_align_top\" >\n                                    <div  class=\"module_column tb-column col-full first tb_8158_column module_column_0 module_column_8158-0-0\" data-id=\"823689d\" >\n                                                                <div class=\"tb-column-inner\">\n                            \n\n<!-- module text -->\n<div  id=\"text-8158-0-0-0\" class=\"module module-text text-8158-0-0-0  repeat  \" data-id=\"42f22f0\">\n    <!--insert-->\n    \n        <p>A <strong><em>PedPil\u00f3t\u00e1k &#8211; \u00d6nvez\u00e9relt Tanul\u00e1si \u00datmutat\u00f3 Pedag\u00f3gusoknak<\/em><\/strong> elnevez\u00e9s\u0171 projekt (2024-1-HU01-KA220-SCH-000250549) keret\u00e9ben 2025. m\u00e1jus 15-\u00e9n tartottunk a J\u00f3zsef Attila \u00c1ltal\u00e1nos Iskol\u00e1ban egy m\u0171helymunk\u00e1t, amin 9 megh\u00edvott pedag\u00f3gus kolleg\u00e1nk vett r\u00e9szt k\u00fcl\u00f6nb\u00f6z\u0151 helyi oktat\u00e1si int\u00e9zm\u00e9nyekb\u0151l. A workshopon az \u00f6nszab\u00e1lyz\u00f3 tanul\u00e1s t\u00e9m\u00e1j\u00e1t j\u00e1rtuk k\u00f6r\u00fcl. A besz\u00e9lget\u00e9s \u00e9s csoportmunka sor\u00e1n sok hasznos \u00f6tletet, megk\u00f6zel\u00edt\u00e9si szempontot, gyakorlati tippet gy\u0171jt\u00f6tt\u00fcnk, amit ez\u00faton is k\u00f6sz\u00f6n\u00fcnk.<\/p>        <\/div>\n<!-- \/module text -->\n\n                        <\/div>\n                    \t\t<\/div>\n\t\t                                <\/div>\n                                <!-- \/row_inner -->\n                        <\/div>\n                        <!-- \/module_row -->\n\t\t\n\t\t<!-- module_row -->\n\t\t<div  class=\"themify_builder_row module_row clearfix module_row_1 themify_builder_8158_row module_row_8158-1\" data-id=\"7a872e3\">\n\t\t\t\t\t\t<div class=\"row_inner col_align_top\" >\n                                    <div  class=\"module_column tb-column col-full first tb_8158_column module_column_0 module_column_8158-1-0\" data-id=\"38f829d\" >\n                                                                <div class=\"tb-column-inner\">\n                            \n\n    <!-- module image -->\n    <div  id=\"image-8158-1-0-0\" class=\"module module-image image-8158-1-0-0  image-top  \" data-id=\"ae80bfd\">\n        <!--insert-->\n        \n        <div class=\"image-wrap\">\n                            <img loading=\"lazy\" decoding=\"async\" width=\"1024\" height=\"768\" src=\"http:\/\/jozsefattilaiskola.ro\/wp-content\/uploads\/2025\/09\/kep.jpg\" class=\" wp-post-image wp-image-8159\" alt=\"kep\" srcset=\"https:\/\/jozsefattilaiskola.ro\/wp-content\/uploads\/2025\/09\/kep.jpg 1024w, https:\/\/jozsefattilaiskola.ro\/wp-content\/uploads\/2025\/09\/kep-300x225.jpg 300w, https:\/\/jozsefattilaiskola.ro\/wp-content\/uploads\/2025\/09\/kep-768x576.jpg 768w, https:\/\/jozsefattilaiskola.ro\/wp-content\/uploads\/2025\/09\/kep-230x172.jpg 230w\" sizes=\"(max-width: 1024px) 100vw, 1024px\" \/>            \n                        <\/div>\n            <!-- \/image-wrap -->\n        \n        \n            <\/div>\n    <!-- \/module image -->\n\n                        <\/div>\n                    \t\t<\/div>\n\t\t                                <\/div>\n                                <!-- \/row_inner -->\n                        <\/div>\n                        <!-- \/module_row -->\n\t\t\n\t\t<!-- module_row -->\n\t\t<div  class=\"themify_builder_row module_row clearfix module_row_2 themify_builder_8158_row module_row_8158-2\" data-id=\"7fd662e\">\n\t\t\t\t\t\t<div class=\"row_inner col_align_top\" >\n                                    <div  class=\"module_column tb-column col-full first tb_8158_column module_column_0 module_column_8158-2-0\" data-id=\"05982e0\" >\n                                                                <div class=\"tb-column-inner\">\n                            \n\n    <!-- module image -->\n    <div  id=\"image-8158-2-0-0\" class=\"module module-image image-8158-2-0-0  image-top  \" data-id=\"17f12ad\">\n        <!--insert-->\n        \n        <div class=\"image-wrap\">\n                            <img loading=\"lazy\" decoding=\"async\" width=\"1024\" height=\"768\" src=\"http:\/\/jozsefattilaiskola.ro\/wp-content\/uploads\/2025\/09\/kep2.png\" class=\" wp-post-image wp-image-8160\" alt=\"kep2\" srcset=\"https:\/\/jozsefattilaiskola.ro\/wp-content\/uploads\/2025\/09\/kep2.png 1024w, https:\/\/jozsefattilaiskola.ro\/wp-content\/uploads\/2025\/09\/kep2-300x225.png 300w, https:\/\/jozsefattilaiskola.ro\/wp-content\/uploads\/2025\/09\/kep2-768x576.png 768w\" sizes=\"(max-width: 1024px) 100vw, 1024px\" \/>            \n                        <\/div>\n            <!-- \/image-wrap -->\n        \n        \n            <\/div>\n    <!-- \/module image -->\n\n                        <\/div>\n                    \t\t<\/div>\n\t\t                                <\/div>\n                                <!-- \/row_inner -->\n                        <\/div>\n                        <!-- \/module_row -->\n\t\t<\/div>\n","protected":false},"excerpt":{"rendered":"<p>A PedPil\u00f3t\u00e1k &#8211; \u00d6nvez\u00e9relt Tanul\u00e1si \u00datmutat\u00f3 Pedag\u00f3gusoknak elnevez\u00e9s\u0171 projekt (2024-1-HU01-KA220-SCH-000250549) keret\u00e9ben 2025. m\u00e1jus 15-\u00e9n tartottunk a J\u00f3zsef Attila \u00c1ltal\u00e1nos Iskol\u00e1ban egy m\u0171helymunk\u00e1t, amin 9 megh\u00edvott pedag\u00f3gus kolleg\u00e1nk vett r\u00e9szt k\u00fcl\u00f6nb\u00f6z\u0151 helyi oktat\u00e1si int\u00e9zm\u00e9nyekb\u0151l. A workshopon az \u00f6nszab\u00e1lyz\u00f3 tanul\u00e1s t\u00e9m\u00e1j\u00e1t j\u00e1rtuk k\u00f6r\u00fcl. A besz\u00e9lget\u00e9s \u00e9s csoportmunka sor\u00e1n sok hasznos \u00f6tletet, megk\u00f6zel\u00edt\u00e9si szempontot, gyakorlati tippet gy\u0171jt\u00f6tt\u00fcnk, amit [&hellip;]<\/p>\n","protected":false},"author":1,"featured_media":0,"comment_status":"open","ping_status":"open","sticky":false,"template":"","format":"standard","meta":{"footnotes":""},"categories":[47],"tags":[],"class_list":["post-8158","post","type-post","status-publish","format-standard","hentry","category-hirek-hu","no-post-title","no-post-date","has-post-category","has-post-tag","has-post-comment","has-post-author",""],"builder_content":"<p>A <strong><em>PedPil\u00f3t\u00e1k - \u00d6nvez\u00e9relt Tanul\u00e1si \u00datmutat\u00f3 Pedag\u00f3gusoknak<\/em><\/strong> elnevez\u00e9s\u0171 projekt (2024-1-HU01-KA220-SCH-000250549) keret\u00e9ben 2025. m\u00e1jus 15-\u00e9n tartottunk a J\u00f3zsef Attila \u00c1ltal\u00e1nos Iskol\u00e1ban egy m\u0171helymunk\u00e1t, amin 9 megh\u00edvott pedag\u00f3gus kolleg\u00e1nk vett r\u00e9szt k\u00fcl\u00f6nb\u00f6z\u0151 helyi oktat\u00e1si int\u00e9zm\u00e9nyekb\u0151l. A workshopon az \u00f6nszab\u00e1lyz\u00f3 tanul\u00e1s t\u00e9m\u00e1j\u00e1t j\u00e1rtuk k\u00f6r\u00fcl. A besz\u00e9lget\u00e9s \u00e9s csoportmunka sor\u00e1n sok hasznos \u00f6tletet, megk\u00f6zel\u00edt\u00e9si szempontot, gyakorlati tippet gy\u0171jt\u00f6tt\u00fcnk, amit ez\u00faton is k\u00f6sz\u00f6n\u00fcnk.<\/p> \n <img loading=\"lazy\" decoding=\"async\" width=\"1024\" height=\"768\" src=\"http:\/\/jozsefattilaiskola.ro\/wp-content\/uploads\/2025\/09\/kep.jpg\" alt=\"kep\" srcset=\"https:\/\/jozsefattilaiskola.ro\/wp-content\/uploads\/2025\/09\/kep.jpg 1024w, https:\/\/jozsefattilaiskola.ro\/wp-content\/uploads\/2025\/09\/kep-300x225.jpg 300w, https:\/\/jozsefattilaiskola.ro\/wp-content\/uploads\/2025\/09\/kep-768x576.jpg 768w, https:\/\/jozsefattilaiskola.ro\/wp-content\/uploads\/2025\/09\/kep-230x172.jpg 230w\" sizes=\"(max-width: 1024px) 100vw, 1024px\" \/> \n <img loading=\"lazy\" decoding=\"async\" width=\"1024\" height=\"768\" src=\"http:\/\/jozsefattilaiskola.ro\/wp-content\/uploads\/2025\/09\/kep2.png\" alt=\"kep2\" srcset=\"https:\/\/jozsefattilaiskola.ro\/wp-content\/uploads\/2025\/09\/kep2.png 1024w, https:\/\/jozsefattilaiskola.ro\/wp-content\/uploads\/2025\/09\/kep2-300x225.png 300w, https:\/\/jozsefattilaiskola.ro\/wp-content\/uploads\/2025\/09\/kep2-768x576.png 768w\" sizes=\"(max-width: 1024px) 100vw, 1024px\" \/>","_links":{"self":[{"href":"https:\/\/jozsefattilaiskola.ro\/index.php?rest_route=\/wp\/v2\/posts\/8158"}],"collection":[{"href":"https:\/\/jozsefattilaiskola.ro\/index.php?rest_route=\/wp\/v2\/posts"}],"about":[{"href":"https:\/\/jozsefattilaiskola.ro\/index.php?rest_route=\/wp\/v2\/types\/post"}],"author":[{"embeddable":true,"href":"https:\/\/jozsefattilaiskola.ro\/index.php?rest_route=\/wp\/v2\/users\/1"}],"replies":[{"embeddable":true,"href":"https:\/\/jozsefattilaiskola.ro\/index.php?rest_route=%2Fwp%2Fv2%2Fcomments&post=8158"}],"version-history":[{"count":1,"href":"https:\/\/jozsefattilaiskola.ro\/index.php?rest_route=\/wp\/v2\/posts\/8158\/revisions"}],"predecessor-version":[{"id":8161,"href":"https:\/\/jozsefattilaiskola.ro\/index.php?rest_route=\/wp\/v2\/posts\/8158\/revisions\/8161"}],"wp:attachment":[{"href":"https:\/\/jozsefattilaiskola.ro\/index.php?rest_route=%2Fwp%2Fv2%2Fmedia&parent=8158"}],"wp:term":[{"taxonomy":"category","embeddable":true,"href":"https:\/\/jozsefattilaiskola.ro\/index.php?rest_route=%2Fwp%2Fv2%2Fcategories&post=8158"},{"taxonomy":"post_tag","embeddable":true,"href":"https:\/\/jozsefattilaiskola.ro\/index.php?rest_route=%2Fwp%2Fv2%2Ftags&post=8158"}],"curies":[{"name":"wp","href":"https:\/\/api.w.org\/{rel}","templated":true}]}}