{"id":8117,"date":"2025-04-25T16:01:00","date_gmt":"2025-04-25T13:01:00","guid":{"rendered":"http:\/\/jozsefattilaiskola.ro\/?p=8117"},"modified":"2025-04-30T16:02:46","modified_gmt":"2025-04-30T13:02:46","slug":"2025-aprilis-25-en-tartottuk-a-pedpilotak-onvezerelt-tanulasi-utmutato-pedagogusoknak","status":"publish","type":"post","link":"https:\/\/jozsefattilaiskola.ro\/?p=8117","title":{"rendered":"2025. \u00e1prilis 25-\u00e9n tartottuk a PedPil\u00f3t\u00e1k &#8211; \u00d6nvez\u00e9relt Tanul\u00e1si \u00datmutat\u00f3 Pedag\u00f3gusoknak"},"content":{"rendered":"<div id=\"themify_builder_content-8117\" data-postid=\"8117\" class=\"themify_builder_content themify_builder_content-8117 themify_builder\">\n\n    \n\t\t<!-- module_row -->\n\t\t<div  class=\"themify_builder_row module_row clearfix module_row_0 themify_builder_8117_row module_row_8117-0\" data-id=\"36968ba\">\n\t\t\t\t\t\t<div class=\"row_inner col_align_top\" >\n                                    <div  class=\"module_column tb-column col-full first tb_8117_column module_column_0 module_column_8117-0-0\" data-id=\"6c73d94\" >\n                                                                <div class=\"tb-column-inner\">\n                            \n\n<!-- module text -->\n<div  id=\"text-8117-0-0-0\" class=\"module module-text text-8117-0-0-0  repeat  \" data-id=\"465ece6\">\n    <!--insert-->\n    \n        <ol start=\"2025\"><li>\u00e1prilis 25-\u00e9n tartottuk a <em>PedPil\u00f3t\u00e1k &#8211; \u00d6nvez\u00e9relt Tanul\u00e1si \u00datmutat\u00f3 Pedag\u00f3gusoknak <\/em>(2024-1-HU01-KA220-SCH-000250549) elnevez\u00e9s\u0171 projekt\u00fcnk m\u00e1sodik partnertal\u00e1lkoz\u00f3j\u00e1t Zent\u00e1n, Szerbi\u00e1ban. A tal\u00e1lkoz\u00f3n v\u00e9gleges\u00edtett\u00fck a nemzetk\u00f6zi mobilit\u00e1sokat t\u00e1mogat\u00f3 tr\u00e9ninganyagot, illetve nekil\u00e1ttunk a pedag\u00f3gusok \u00f6nfejleszt\u0151 tanul\u00e1s\u00e1ra vonatkoz\u00f3 tematik\u00e1nak. A k\u00f6vetkez\u0151 partnertal\u00e1lkoz\u00f3 szeptemberben ker\u00fcl megszervez\u00e9sre Cs\u00edkszered\u00e1ban, addig sok munka \u00e9s hat\u00e1rid\u0151 v\u00e1r r\u00e1nk! \ud83d\ude42<\/li><\/ol>        <\/div>\n<!-- \/module text -->\n\n                        <\/div>\n                    \t\t<\/div>\n\t\t                                <\/div>\n                                <!-- \/row_inner -->\n                        <\/div>\n                        <!-- \/module_row -->\n\t\t\n\t\t<!-- module_row -->\n\t\t<div  class=\"themify_builder_row module_row clearfix module_row_1 themify_builder_8117_row module_row_8117-1\" data-id=\"fee13d0\">\n\t\t\t\t\t\t<div class=\"row_inner col_align_top\" >\n                                    <div  class=\"module_column tb-column col-full first tb_8117_column module_column_0 module_column_8117-1-0\" data-id=\"ea44432\" >\n                                                                <div class=\"tb-column-inner\">\n                            \n\n    <!-- module image -->\n    <div  id=\"image-8117-1-0-0\" class=\"module module-image image-8117-1-0-0  image-top  \" data-id=\"92d47b0\">\n        <!--insert-->\n        \n        <div class=\"image-wrap\">\n                            <img loading=\"lazy\" decoding=\"async\" width=\"736\" height=\"1000\" src=\"http:\/\/jozsefattilaiskola.ro\/wp-content\/uploads\/2025\/04\/Zenta.1.jpg\" class=\" wp-post-image wp-image-8118\" alt=\"Zenta.1\" srcset=\"https:\/\/jozsefattilaiskola.ro\/wp-content\/uploads\/2025\/04\/Zenta.1.jpg 736w, https:\/\/jozsefattilaiskola.ro\/wp-content\/uploads\/2025\/04\/Zenta.1-221x300.jpg 221w\" sizes=\"(max-width: 736px) 100vw, 736px\" \/>            \n                        <\/div>\n            <!-- \/image-wrap -->\n        \n        \n            <\/div>\n    <!-- \/module image -->\n\n                        <\/div>\n                    \t\t<\/div>\n\t\t                                <\/div>\n                                <!-- \/row_inner -->\n                        <\/div>\n                        <!-- \/module_row -->\n\t\t\n\t\t<!-- module_row -->\n\t\t<div  class=\"themify_builder_row module_row clearfix module_row_2 themify_builder_8117_row module_row_8117-2\" data-id=\"71407e4\">\n\t\t\t\t\t\t<div class=\"row_inner col_align_top\" >\n                                    <div  class=\"module_column tb-column col-full first tb_8117_column module_column_0 module_column_8117-2-0\" data-id=\"9e5e2aa\" >\n                                                                <div class=\"tb-column-inner\">\n                            \n\n    <!-- module image -->\n    <div  id=\"image-8117-2-0-0\" class=\"module module-image image-8117-2-0-0  image-top  \" data-id=\"c04f605\">\n        <!--insert-->\n        \n        <div class=\"image-wrap\">\n                            <img loading=\"lazy\" decoding=\"async\" width=\"736\" height=\"1000\" src=\"http:\/\/jozsefattilaiskola.ro\/wp-content\/uploads\/2025\/04\/Zenta.2.jpg\" class=\" wp-post-image wp-image-8119\" alt=\"Zenta.2\" srcset=\"https:\/\/jozsefattilaiskola.ro\/wp-content\/uploads\/2025\/04\/Zenta.2.jpg 736w, https:\/\/jozsefattilaiskola.ro\/wp-content\/uploads\/2025\/04\/Zenta.2-221x300.jpg 221w\" sizes=\"(max-width: 736px) 100vw, 736px\" \/>            \n                        <\/div>\n            <!-- \/image-wrap -->\n        \n        \n            <\/div>\n    <!-- \/module image -->\n\n                        <\/div>\n                    \t\t<\/div>\n\t\t                                <\/div>\n                                <!-- \/row_inner -->\n                        <\/div>\n                        <!-- \/module_row -->\n\t\t<\/div>\n","protected":false},"excerpt":{"rendered":"<p>\u00e1prilis 25-\u00e9n tartottuk a PedPil\u00f3t\u00e1k &#8211; \u00d6nvez\u00e9relt Tanul\u00e1si \u00datmutat\u00f3 Pedag\u00f3gusoknak (2024-1-HU01-KA220-SCH-000250549) elnevez\u00e9s\u0171 projekt\u00fcnk m\u00e1sodik partnertal\u00e1lkoz\u00f3j\u00e1t Zent\u00e1n, Szerbi\u00e1ban. A tal\u00e1lkoz\u00f3n v\u00e9gleges\u00edtett\u00fck a nemzetk\u00f6zi mobilit\u00e1sokat t\u00e1mogat\u00f3 tr\u00e9ninganyagot, illetve nekil\u00e1ttunk a pedag\u00f3gusok \u00f6nfejleszt\u0151 tanul\u00e1s\u00e1ra vonatkoz\u00f3 tematik\u00e1nak. A k\u00f6vetkez\u0151 partnertal\u00e1lkoz\u00f3 szeptemberben ker\u00fcl megszervez\u00e9sre Cs\u00edkszered\u00e1ban, addig sok munka \u00e9s hat\u00e1rid\u0151 v\u00e1r r\u00e1nk! \ud83d\ude42<\/p>\n","protected":false},"author":1,"featured_media":0,"comment_status":"open","ping_status":"open","sticky":false,"template":"","format":"standard","meta":{"footnotes":""},"categories":[47],"tags":[],"class_list":["post-8117","post","type-post","status-publish","format-standard","hentry","category-hirek-hu","no-post-title","no-post-date","has-post-category","has-post-tag","has-post-comment","has-post-author",""],"builder_content":"<ol start=\"2025\"><li>\u00e1prilis 25-\u00e9n tartottuk a <em>PedPil\u00f3t\u00e1k - \u00d6nvez\u00e9relt Tanul\u00e1si \u00datmutat\u00f3 Pedag\u00f3gusoknak <\/em>(2024-1-HU01-KA220-SCH-000250549) elnevez\u00e9s\u0171 projekt\u00fcnk m\u00e1sodik partnertal\u00e1lkoz\u00f3j\u00e1t Zent\u00e1n, Szerbi\u00e1ban. A tal\u00e1lkoz\u00f3n v\u00e9gleges\u00edtett\u00fck a nemzetk\u00f6zi mobilit\u00e1sokat t\u00e1mogat\u00f3 tr\u00e9ninganyagot, illetve nekil\u00e1ttunk a pedag\u00f3gusok \u00f6nfejleszt\u0151 tanul\u00e1s\u00e1ra vonatkoz\u00f3 tematik\u00e1nak. A k\u00f6vetkez\u0151 partnertal\u00e1lkoz\u00f3 szeptemberben ker\u00fcl megszervez\u00e9sre Cs\u00edkszered\u00e1ban, addig sok munka \u00e9s hat\u00e1rid\u0151 v\u00e1r r\u00e1nk! :)<\/li><\/ol> \n <img loading=\"lazy\" decoding=\"async\" width=\"736\" height=\"1000\" src=\"http:\/\/jozsefattilaiskola.ro\/wp-content\/uploads\/2025\/04\/Zenta.1.jpg\" alt=\"Zenta.1\" srcset=\"https:\/\/jozsefattilaiskola.ro\/wp-content\/uploads\/2025\/04\/Zenta.1.jpg 736w, https:\/\/jozsefattilaiskola.ro\/wp-content\/uploads\/2025\/04\/Zenta.1-221x300.jpg 221w\" sizes=\"(max-width: 736px) 100vw, 736px\" \/> \n <img loading=\"lazy\" decoding=\"async\" width=\"736\" height=\"1000\" src=\"http:\/\/jozsefattilaiskola.ro\/wp-content\/uploads\/2025\/04\/Zenta.2.jpg\" alt=\"Zenta.2\" srcset=\"https:\/\/jozsefattilaiskola.ro\/wp-content\/uploads\/2025\/04\/Zenta.2.jpg 736w, https:\/\/jozsefattilaiskola.ro\/wp-content\/uploads\/2025\/04\/Zenta.2-221x300.jpg 221w\" sizes=\"(max-width: 736px) 100vw, 736px\" \/>","_links":{"self":[{"href":"https:\/\/jozsefattilaiskola.ro\/index.php?rest_route=\/wp\/v2\/posts\/8117"}],"collection":[{"href":"https:\/\/jozsefattilaiskola.ro\/index.php?rest_route=\/wp\/v2\/posts"}],"about":[{"href":"https:\/\/jozsefattilaiskola.ro\/index.php?rest_route=\/wp\/v2\/types\/post"}],"author":[{"embeddable":true,"href":"https:\/\/jozsefattilaiskola.ro\/index.php?rest_route=\/wp\/v2\/users\/1"}],"replies":[{"embeddable":true,"href":"https:\/\/jozsefattilaiskola.ro\/index.php?rest_route=%2Fwp%2Fv2%2Fcomments&post=8117"}],"version-history":[{"count":1,"href":"https:\/\/jozsefattilaiskola.ro\/index.php?rest_route=\/wp\/v2\/posts\/8117\/revisions"}],"predecessor-version":[{"id":8120,"href":"https:\/\/jozsefattilaiskola.ro\/index.php?rest_route=\/wp\/v2\/posts\/8117\/revisions\/8120"}],"wp:attachment":[{"href":"https:\/\/jozsefattilaiskola.ro\/index.php?rest_route=%2Fwp%2Fv2%2Fmedia&parent=8117"}],"wp:term":[{"taxonomy":"category","embeddable":true,"href":"https:\/\/jozsefattilaiskola.ro\/index.php?rest_route=%2Fwp%2Fv2%2Fcategories&post=8117"},{"taxonomy":"post_tag","embeddable":true,"href":"https:\/\/jozsefattilaiskola.ro\/index.php?rest_route=%2Fwp%2Fv2%2Ftags&post=8117"}],"curies":[{"name":"wp","href":"https:\/\/api.w.org\/{rel}","templated":true}]}}