{"id":8109,"date":"2025-02-25T15:57:00","date_gmt":"2025-02-25T12:57:00","guid":{"rendered":"http:\/\/jozsefattilaiskola.ro\/?p=8109"},"modified":"2025-04-30T15:58:21","modified_gmt":"2025-04-30T12:58:21","slug":"2025-februar-19-en-tartottunk-egy-workshopot-a-jozsef-attila-altalanos-iskolaban","status":"publish","type":"post","link":"https:\/\/jozsefattilaiskola.ro\/?p=8109","title":{"rendered":"2025. febru\u00e1r 19-\u00e9n tartottunk egy workshopot a J\u00f3zsef Attila \u00c1ltal\u00e1nos Iskol\u00e1ban"},"content":{"rendered":"<div id=\"themify_builder_content-8109\" data-postid=\"8109\" class=\"themify_builder_content themify_builder_content-8109 themify_builder\">\n\n    \n\t\t<!-- module_row -->\n\t\t<div  class=\"themify_builder_row module_row clearfix module_row_0 themify_builder_8109_row module_row_8109-0\" data-id=\"4e04527\">\n\t\t\t\t\t\t<div class=\"row_inner col_align_top\" >\n                                    <div  class=\"module_column tb-column col-full first tb_8109_column module_column_0 module_column_8109-0-0\" data-id=\"0ea9ab5\" >\n                                                                <div class=\"tb-column-inner\">\n                            \n\n<!-- module text -->\n<div  id=\"text-8109-0-0-0\" class=\"module module-text text-8109-0-0-0  repeat  \" data-id=\"86c3200\">\n    <!--insert-->\n    \n        <ol start=\"2025\"><li>febru\u00e1r 19-\u00e9n tartottunk egy workshopot a J\u00f3zsef Attila \u00c1ltal\u00e1nos Iskol\u00e1ban, a <em>PedPil\u00f3t\u00e1k &#8211; \u00d6nvez\u00e9relt Tanul\u00e1si \u00datmutat\u00f3 Pedag\u00f3gusoknak <\/em>elnevez\u00e9s\u0171 projekt (2024-1-HU01-KA220-SCH-000250549) keret\u00e9ben. Az esem\u00e9nyen t\u00f6bb megh\u00edvott pedag\u00f3gus vett r\u00e9szt k\u00fcl\u00f6nb\u00f6z\u0151 helyi oktat\u00e1si int\u00e9zm\u00e9nyekb\u0151l. A workshopok f\u0151 c\u00e9lja a projektben tervezett tr\u00e9ningek m\u00f3dszer\u00e9nek \u00e9s t\u00e9m\u00e1inak meghat\u00e1roz\u00e1sa volt. A r\u00e9sztvev\u0151 pedag\u00f3gusok sok hasznos tan\u00e1csot \u00e9s tapasztalatot osztottak meg \u00e9s a workshop j\u00f3 hangulatban telt.<\/li><\/ol>        <\/div>\n<!-- \/module text -->\n\n                        <\/div>\n                    \t\t<\/div>\n\t\t                                <\/div>\n                                <!-- \/row_inner -->\n                        <\/div>\n                        <!-- \/module_row -->\n\t\t\n\t\t<!-- module_row -->\n\t\t<div  class=\"themify_builder_row module_row clearfix module_row_1 themify_builder_8109_row module_row_8109-1\" data-id=\"7a77b72\">\n\t\t\t\t\t\t<div class=\"row_inner col_align_top\" >\n                                    <div  class=\"module_column tb-column col-full first tb_8109_column module_column_0 module_column_8109-1-0\" data-id=\"500524f\" >\n                                                                <div class=\"tb-column-inner\">\n                            \n\n    <!-- module image -->\n    <div  id=\"image-8109-1-0-0\" class=\"module module-image image-8109-1-0-0  image-top  \" data-id=\"d49157f\">\n        <!--insert-->\n        \n        <div class=\"image-wrap\">\n                            <img loading=\"lazy\" decoding=\"async\" width=\"1024\" height=\"768\" src=\"http:\/\/jozsefattilaiskola.ro\/wp-content\/uploads\/2025\/04\/kep3-1024x768.jpg\" class=\" wp-post-image wp-image-8110\" alt=\"kep3\" srcset=\"https:\/\/jozsefattilaiskola.ro\/wp-content\/uploads\/2025\/04\/kep3-1024x768.jpg 1024w, https:\/\/jozsefattilaiskola.ro\/wp-content\/uploads\/2025\/04\/kep3-300x225.jpg 300w, https:\/\/jozsefattilaiskola.ro\/wp-content\/uploads\/2025\/04\/kep3-768x576.jpg 768w, https:\/\/jozsefattilaiskola.ro\/wp-content\/uploads\/2025\/04\/kep3-1536x1152.jpg 1536w, https:\/\/jozsefattilaiskola.ro\/wp-content\/uploads\/2025\/04\/kep3-1024x768-230x172.jpg 230w, https:\/\/jozsefattilaiskola.ro\/wp-content\/uploads\/2025\/04\/kep3.jpg 2048w\" sizes=\"(max-width: 1024px) 100vw, 1024px\" \/>            \n                        <\/div>\n            <!-- \/image-wrap -->\n        \n        \n            <\/div>\n    <!-- \/module image -->\n\n                        <\/div>\n                    \t\t<\/div>\n\t\t                                <\/div>\n                                <!-- \/row_inner -->\n                        <\/div>\n                        <!-- \/module_row -->\n\t\t<\/div>\n","protected":false},"excerpt":{"rendered":"<p>febru\u00e1r 19-\u00e9n tartottunk egy workshopot a J\u00f3zsef Attila \u00c1ltal\u00e1nos Iskol\u00e1ban, a PedPil\u00f3t\u00e1k &#8211; \u00d6nvez\u00e9relt Tanul\u00e1si \u00datmutat\u00f3 Pedag\u00f3gusoknak elnevez\u00e9s\u0171 projekt (2024-1-HU01-KA220-SCH-000250549) keret\u00e9ben. Az esem\u00e9nyen t\u00f6bb megh\u00edvott pedag\u00f3gus vett r\u00e9szt k\u00fcl\u00f6nb\u00f6z\u0151 helyi oktat\u00e1si int\u00e9zm\u00e9nyekb\u0151l. A workshopok f\u0151 c\u00e9lja a projektben tervezett tr\u00e9ningek m\u00f3dszer\u00e9nek \u00e9s t\u00e9m\u00e1inak meghat\u00e1roz\u00e1sa volt. A r\u00e9sztvev\u0151 pedag\u00f3gusok sok hasznos tan\u00e1csot \u00e9s tapasztalatot osztottak meg [&hellip;]<\/p>\n","protected":false},"author":1,"featured_media":0,"comment_status":"open","ping_status":"open","sticky":false,"template":"","format":"standard","meta":{"footnotes":""},"categories":[47],"tags":[],"class_list":["post-8109","post","type-post","status-publish","format-standard","hentry","category-hirek-hu","no-post-title","no-post-date","has-post-category","has-post-tag","has-post-comment","has-post-author",""],"builder_content":"<ol start=\"2025\"><li>febru\u00e1r 19-\u00e9n tartottunk egy workshopot a J\u00f3zsef Attila \u00c1ltal\u00e1nos Iskol\u00e1ban, a <em>PedPil\u00f3t\u00e1k - \u00d6nvez\u00e9relt Tanul\u00e1si \u00datmutat\u00f3 Pedag\u00f3gusoknak <\/em>elnevez\u00e9s\u0171 projekt (2024-1-HU01-KA220-SCH-000250549) keret\u00e9ben. Az esem\u00e9nyen t\u00f6bb megh\u00edvott pedag\u00f3gus vett r\u00e9szt k\u00fcl\u00f6nb\u00f6z\u0151 helyi oktat\u00e1si int\u00e9zm\u00e9nyekb\u0151l. A workshopok f\u0151 c\u00e9lja a projektben tervezett tr\u00e9ningek m\u00f3dszer\u00e9nek \u00e9s t\u00e9m\u00e1inak meghat\u00e1roz\u00e1sa volt. A r\u00e9sztvev\u0151 pedag\u00f3gusok sok hasznos tan\u00e1csot \u00e9s tapasztalatot osztottak meg \u00e9s a workshop j\u00f3 hangulatban telt.<\/li><\/ol> \n <img loading=\"lazy\" decoding=\"async\" width=\"1024\" height=\"768\" src=\"http:\/\/jozsefattilaiskola.ro\/wp-content\/uploads\/2025\/04\/kep3-1024x768.jpg\" alt=\"kep3\" srcset=\"https:\/\/jozsefattilaiskola.ro\/wp-content\/uploads\/2025\/04\/kep3-1024x768.jpg 1024w, https:\/\/jozsefattilaiskola.ro\/wp-content\/uploads\/2025\/04\/kep3-300x225.jpg 300w, https:\/\/jozsefattilaiskola.ro\/wp-content\/uploads\/2025\/04\/kep3-768x576.jpg 768w, https:\/\/jozsefattilaiskola.ro\/wp-content\/uploads\/2025\/04\/kep3-1536x1152.jpg 1536w, https:\/\/jozsefattilaiskola.ro\/wp-content\/uploads\/2025\/04\/kep3-1024x768-230x172.jpg 230w, https:\/\/jozsefattilaiskola.ro\/wp-content\/uploads\/2025\/04\/kep3.jpg 2048w\" sizes=\"(max-width: 1024px) 100vw, 1024px\" \/>","_links":{"self":[{"href":"https:\/\/jozsefattilaiskola.ro\/index.php?rest_route=\/wp\/v2\/posts\/8109"}],"collection":[{"href":"https:\/\/jozsefattilaiskola.ro\/index.php?rest_route=\/wp\/v2\/posts"}],"about":[{"href":"https:\/\/jozsefattilaiskola.ro\/index.php?rest_route=\/wp\/v2\/types\/post"}],"author":[{"embeddable":true,"href":"https:\/\/jozsefattilaiskola.ro\/index.php?rest_route=\/wp\/v2\/users\/1"}],"replies":[{"embeddable":true,"href":"https:\/\/jozsefattilaiskola.ro\/index.php?rest_route=%2Fwp%2Fv2%2Fcomments&post=8109"}],"version-history":[{"count":4,"href":"https:\/\/jozsefattilaiskola.ro\/index.php?rest_route=\/wp\/v2\/posts\/8109\/revisions"}],"predecessor-version":[{"id":8114,"href":"https:\/\/jozsefattilaiskola.ro\/index.php?rest_route=\/wp\/v2\/posts\/8109\/revisions\/8114"}],"wp:attachment":[{"href":"https:\/\/jozsefattilaiskola.ro\/index.php?rest_route=%2Fwp%2Fv2%2Fmedia&parent=8109"}],"wp:term":[{"taxonomy":"category","embeddable":true,"href":"https:\/\/jozsefattilaiskola.ro\/index.php?rest_route=%2Fwp%2Fv2%2Fcategories&post=8109"},{"taxonomy":"post_tag","embeddable":true,"href":"https:\/\/jozsefattilaiskola.ro\/index.php?rest_route=%2Fwp%2Fv2%2Ftags&post=8109"}],"curies":[{"name":"wp","href":"https:\/\/api.w.org\/{rel}","templated":true}]}}