{"id":7366,"date":"2022-02-17T14:41:00","date_gmt":"2022-02-17T11:41:00","guid":{"rendered":"http:\/\/jozsefattilaiskola.ro\/?p=7366"},"modified":"2022-07-08T14:43:06","modified_gmt":"2022-07-08T11:43:06","slug":"suprem-9","status":"publish","type":"post","link":"https:\/\/jozsefattilaiskola.ro\/?p=7366","title":{"rendered":"Suprem"},"content":{"rendered":"<div id=\"themify_builder_content-7366\" data-postid=\"7366\" class=\"themify_builder_content themify_builder_content-7366 themify_builder\">\n\n    \n\t\t<!-- module_row -->\n\t\t<div  class=\"themify_builder_row module_row clearfix module_row_0 themify_builder_7366_row module_row_7366-0\" data-id=\"a896a27\">\n\t\t\t\t\t\t<div class=\"row_inner col_align_top\" >\n                                    <div  class=\"module_column tb-column col-full first tb_7366_column module_column_0 module_column_7366-0-0\" data-id=\"3eef031\" >\n                                                                <div class=\"tb-column-inner\">\n                            \n\n<!-- module text -->\n<div  id=\"text-7366-0-0-0\" class=\"module module-text text-7366-0-0-0  repeat  \" data-id=\"19f2ba0\">\n    <!--insert-->\n    \n        <p>A bek\u00fcld\u00f6tt p\u00e1ly\u00e1zatok \u00e9s a febru\u00e1r 7-\u00e9n tartott egy\u00e9ni besz\u00e9lget\u00e9sek alapj\u00e1n kiv\u00e1lasztottuk azt a 6 tanul\u00f3t, aki m\u00e1jus els\u0151 het\u00e9ben Garderenbe, Hollandi\u00e1ba utazik, illetve azt a 6 di\u00e1kot, aki j\u00fanius elej\u00e9n Perugi\u00e1ba, Olaszorsz\u00e1gba t\u00f6lthet 5 napot a SUPREM Erasmus+ projekt keret\u00e9ben. Gratul\u00e1lunk nekik!<\/p>        <\/div>\n<!-- \/module text -->\n\n                        <\/div>\n                    \t\t<\/div>\n\t\t                                <\/div>\n                                <!-- \/row_inner -->\n                        <\/div>\n                        <!-- \/module_row -->\n\t\t<\/div>\n","protected":false},"excerpt":{"rendered":"<p>A bek\u00fcld\u00f6tt p\u00e1ly\u00e1zatok \u00e9s a febru\u00e1r 7-\u00e9n tartott egy\u00e9ni besz\u00e9lget\u00e9sek alapj\u00e1n kiv\u00e1lasztottuk azt a 6 tanul\u00f3t, aki m\u00e1jus els\u0151 het\u00e9ben Garderenbe, Hollandi\u00e1ba utazik, illetve azt a 6 di\u00e1kot, aki j\u00fanius elej\u00e9n Perugi\u00e1ba, Olaszorsz\u00e1gba t\u00f6lthet 5 napot a SUPREM Erasmus+ projekt keret\u00e9ben. Gratul\u00e1lunk nekik!<\/p>\n","protected":false},"author":1,"featured_media":0,"comment_status":"open","ping_status":"open","sticky":false,"template":"","format":"standard","meta":{"footnotes":""},"categories":[47],"tags":[],"class_list":["post-7366","post","type-post","status-publish","format-standard","hentry","category-hirek-hu","no-post-title","no-post-date","has-post-category","has-post-tag","has-post-comment","has-post-author",""],"builder_content":"<p>A bek\u00fcld\u00f6tt p\u00e1ly\u00e1zatok \u00e9s a febru\u00e1r 7-\u00e9n tartott egy\u00e9ni besz\u00e9lget\u00e9sek alapj\u00e1n kiv\u00e1lasztottuk azt a 6 tanul\u00f3t, aki m\u00e1jus els\u0151 het\u00e9ben Garderenbe, Hollandi\u00e1ba utazik, illetve azt a 6 di\u00e1kot, aki j\u00fanius elej\u00e9n Perugi\u00e1ba, Olaszorsz\u00e1gba t\u00f6lthet 5 napot a SUPREM Erasmus+ projekt keret\u00e9ben. Gratul\u00e1lunk nekik!<\/p>","_links":{"self":[{"href":"https:\/\/jozsefattilaiskola.ro\/index.php?rest_route=\/wp\/v2\/posts\/7366"}],"collection":[{"href":"https:\/\/jozsefattilaiskola.ro\/index.php?rest_route=\/wp\/v2\/posts"}],"about":[{"href":"https:\/\/jozsefattilaiskola.ro\/index.php?rest_route=\/wp\/v2\/types\/post"}],"author":[{"embeddable":true,"href":"https:\/\/jozsefattilaiskola.ro\/index.php?rest_route=\/wp\/v2\/users\/1"}],"replies":[{"embeddable":true,"href":"https:\/\/jozsefattilaiskola.ro\/index.php?rest_route=%2Fwp%2Fv2%2Fcomments&post=7366"}],"version-history":[{"count":2,"href":"https:\/\/jozsefattilaiskola.ro\/index.php?rest_route=\/wp\/v2\/posts\/7366\/revisions"}],"predecessor-version":[{"id":7368,"href":"https:\/\/jozsefattilaiskola.ro\/index.php?rest_route=\/wp\/v2\/posts\/7366\/revisions\/7368"}],"wp:attachment":[{"href":"https:\/\/jozsefattilaiskola.ro\/index.php?rest_route=%2Fwp%2Fv2%2Fmedia&parent=7366"}],"wp:term":[{"taxonomy":"category","embeddable":true,"href":"https:\/\/jozsefattilaiskola.ro\/index.php?rest_route=%2Fwp%2Fv2%2Fcategories&post=7366"},{"taxonomy":"post_tag","embeddable":true,"href":"https:\/\/jozsefattilaiskola.ro\/index.php?rest_route=%2Fwp%2Fv2%2Ftags&post=7366"}],"curies":[{"name":"wp","href":"https:\/\/api.w.org\/{rel}","templated":true}]}}