{"id":7351,"date":"2021-12-17T14:36:00","date_gmt":"2021-12-17T11:36:00","guid":{"rendered":"http:\/\/jozsefattilaiskola.ro\/?p=7351"},"modified":"2022-07-08T14:38:52","modified_gmt":"2022-07-08T11:38:52","slug":"suprem-7","status":"publish","type":"post","link":"https:\/\/jozsefattilaiskola.ro\/?p=7351","title":{"rendered":"Suprem"},"content":{"rendered":"<div id=\"themify_builder_content-7351\" data-postid=\"7351\" class=\"themify_builder_content themify_builder_content-7351 themify_builder\">\n\n    \n\t\t<!-- module_row -->\n\t\t<div  class=\"themify_builder_row module_row clearfix module_row_0 themify_builder_7351_row module_row_7351-0\" data-id=\"a90d3ac\">\n\t\t\t\t\t\t<div class=\"row_inner col_align_top\" >\n                                    <div  class=\"module_column tb-column col-full first tb_7351_column module_column_0 module_column_7351-0-0\" data-id=\"c2e1a34\" >\n                                                                <div class=\"tb-column-inner\">\n                            \n\n<!-- module text -->\n<div  id=\"text-7351-0-0-0\" class=\"module module-text text-7351-0-0-0  repeat  \" data-id=\"0ae7596\">\n    <!--insert-->\n    \n        <p>December 13-14-\u00e9n Perugia v\u00e1ros\u00e1ban tal\u00e1lkoztak a SUPREM projektben r\u00e9sztvev\u0151 partnerek. Iskol\u00e1nkat H\u00e9get\u0151 Katalin \u00e9s Tank\u00f3 Enik\u0151 k\u00e9pviselte. Els\u0151 nap \u00e9rt\u00e9kelt\u00fck eddigi tev\u00e9kenys\u00e9geinket, azt\u00e1n a sz\u00fcl\u0151i \u00fatmutat\u00f3 h\u00e1tral\u00e9v\u0151 feladatait \u00e9s a hat\u00e1rid\u0151it hat\u00e1roztuk meg \u00e9s v\u00e9gre kez\u00fcnkbe foghattuk, forgattuk az elk\u00e9sz\u00fclt tanul\u00f3i projektportf\u00f3li\u00f3 tan\u00e1ri \u00e9s tanul\u00f3i k\u00e9zik\u00f6nyveit, illetve a tan\u00e1ri tr\u00e9ning moduljait. M\u00e1sodik nap a multiplik\u00e1ci\u00f3s rendezv\u00e9nyek terveinek \u00e1tbesz\u00e9l\u00e9s\u00e9t\u00a0 \u00e9s\u00a0a tanul\u00f3i mobilit\u00e1si programok egyeztet\u00e9s\u00e9t t\u0171zt\u00fck napirendre. Hasznosan elt\u00f6lt\u00f6tt k\u00e9t napot tudhatunk magunk m\u00f6g\u00f6tt.<\/p>        <\/div>\n<!-- \/module text -->\n\n                        <\/div>\n                    \t\t<\/div>\n\t\t                                <\/div>\n                                <!-- \/row_inner -->\n                        <\/div>\n                        <!-- \/module_row -->\n\t\t\n\t\t<!-- module_row -->\n\t\t<div  class=\"themify_builder_row module_row clearfix module_row_1 themify_builder_7351_row module_row_7351-1\" data-id=\"c8b29e0\">\n\t\t\t\t\t\t<div class=\"row_inner col_align_top\" >\n                                    <div  class=\"module_column tb-column col-full first tb_7351_column module_column_0 module_column_7351-1-0\" data-id=\"e9c0657\" >\n                                                                <div class=\"tb-column-inner\">\n                            \n\n    <!-- module gallery -->\n    <div  id=\"gallery-7351-1-0-0\" class=\"module module-gallery gallery-7351-1-0-0 gallery gallery-columns-4  layout-showcase   \" data-id=\"1b33bdf\">\n        <!--insert-->\n        \n\t\t\n        \n\t<div class=\"gallery-showcase-image\">\n\t\t<div class=\"image-wrapper\">\n\t\t\t<img decoding=\"async\" src=\"https:\/\/jozsefattilaiskola.ro\/wp-content\/uploads\/2022\/07\/13.jpg\" alt=\"\" \/>\n\t\t\t                <div class=\"gallery-showcase-title\">\n\t\t\t\t\t<span class=\"gallery-showcase-caption\"><\/span>\t\t\t\t<\/div>\n\t\t\t\t\t<\/div>\n\n    <\/div>\n    <div class=\"gallery-images\">\n        <a data-image=\"https:\/\/jozsefattilaiskola.ro\/wp-content\/uploads\/2022\/07\/13.jpg\" title=\"13\" data-caption=\"\" href=\"#\"><img src='https:\/\/jozsefattilaiskola.ro\/wp-content\/uploads\/2022\/07\/13-1024x768-300x200.jpg' width='300' height='200' alt='' \/><\/a><a data-image=\"https:\/\/jozsefattilaiskola.ro\/wp-content\/uploads\/2022\/07\/14.jpg\" title=\"14\" data-caption=\"\" href=\"#\"><img src='https:\/\/jozsefattilaiskola.ro\/wp-content\/uploads\/2022\/07\/14-1024x759-300x200.jpg' width='300' height='200' alt='' \/><\/a><a data-image=\"https:\/\/jozsefattilaiskola.ro\/wp-content\/uploads\/2022\/07\/16.jpg\" title=\"16\" data-caption=\"\" href=\"#\"><img src='https:\/\/jozsefattilaiskola.ro\/wp-content\/uploads\/2022\/07\/16-1024x768-300x200.jpg' width='300' height='200' alt='' \/><\/a>    <\/div>\n\n    <\/div>\n    <!-- \/module gallery -->\n\n                        <\/div>\n                    \t\t<\/div>\n\t\t                                <\/div>\n                                <!-- \/row_inner -->\n                        <\/div>\n                        <!-- \/module_row -->\n\t\t<\/div>\n","protected":false},"excerpt":{"rendered":"<p>December 13-14-\u00e9n Perugia v\u00e1ros\u00e1ban tal\u00e1lkoztak a SUPREM projektben r\u00e9sztvev\u0151 partnerek. Iskol\u00e1nkat H\u00e9get\u0151 Katalin \u00e9s Tank\u00f3 Enik\u0151 k\u00e9pviselte. Els\u0151 nap \u00e9rt\u00e9kelt\u00fck eddigi tev\u00e9kenys\u00e9geinket, azt\u00e1n a sz\u00fcl\u0151i \u00fatmutat\u00f3 h\u00e1tral\u00e9v\u0151 feladatait \u00e9s a hat\u00e1rid\u0151it hat\u00e1roztuk meg \u00e9s v\u00e9gre kez\u00fcnkbe foghattuk, forgattuk az elk\u00e9sz\u00fclt tanul\u00f3i projektportf\u00f3li\u00f3 tan\u00e1ri \u00e9s tanul\u00f3i k\u00e9zik\u00f6nyveit, illetve a tan\u00e1ri tr\u00e9ning moduljait. M\u00e1sodik nap a multiplik\u00e1ci\u00f3s [&hellip;]<\/p>\n","protected":false},"author":1,"featured_media":0,"comment_status":"open","ping_status":"open","sticky":false,"template":"","format":"standard","meta":{"footnotes":""},"categories":[47],"tags":[],"class_list":["post-7351","post","type-post","status-publish","format-standard","hentry","category-hirek-hu","no-post-title","no-post-date","has-post-category","has-post-tag","has-post-comment","has-post-author",""],"builder_content":"<p>December 13-14-\u00e9n Perugia v\u00e1ros\u00e1ban tal\u00e1lkoztak a SUPREM projektben r\u00e9sztvev\u0151 partnerek. Iskol\u00e1nkat H\u00e9get\u0151 Katalin \u00e9s Tank\u00f3 Enik\u0151 k\u00e9pviselte. Els\u0151 nap \u00e9rt\u00e9kelt\u00fck eddigi tev\u00e9kenys\u00e9geinket, azt\u00e1n a sz\u00fcl\u0151i \u00fatmutat\u00f3 h\u00e1tral\u00e9v\u0151 feladatait \u00e9s a hat\u00e1rid\u0151it hat\u00e1roztuk meg \u00e9s v\u00e9gre kez\u00fcnkbe foghattuk, forgattuk az elk\u00e9sz\u00fclt tanul\u00f3i projektportf\u00f3li\u00f3 tan\u00e1ri \u00e9s tanul\u00f3i k\u00e9zik\u00f6nyveit, illetve a tan\u00e1ri tr\u00e9ning moduljait. M\u00e1sodik nap a multiplik\u00e1ci\u00f3s rendezv\u00e9nyek terveinek \u00e1tbesz\u00e9l\u00e9s\u00e9t\u00a0 \u00e9s\u00a0a tanul\u00f3i mobilit\u00e1si programok egyeztet\u00e9s\u00e9t t\u0171zt\u00fck napirendre. Hasznosan elt\u00f6lt\u00f6tt k\u00e9t napot tudhatunk magunk m\u00f6g\u00f6tt.<\/p> \n[gallery ids=\"7352,7353,7354\"]","_links":{"self":[{"href":"https:\/\/jozsefattilaiskola.ro\/index.php?rest_route=\/wp\/v2\/posts\/7351"}],"collection":[{"href":"https:\/\/jozsefattilaiskola.ro\/index.php?rest_route=\/wp\/v2\/posts"}],"about":[{"href":"https:\/\/jozsefattilaiskola.ro\/index.php?rest_route=\/wp\/v2\/types\/post"}],"author":[{"embeddable":true,"href":"https:\/\/jozsefattilaiskola.ro\/index.php?rest_route=\/wp\/v2\/users\/1"}],"replies":[{"embeddable":true,"href":"https:\/\/jozsefattilaiskola.ro\/index.php?rest_route=%2Fwp%2Fv2%2Fcomments&post=7351"}],"version-history":[{"count":4,"href":"https:\/\/jozsefattilaiskola.ro\/index.php?rest_route=\/wp\/v2\/posts\/7351\/revisions"}],"predecessor-version":[{"id":7358,"href":"https:\/\/jozsefattilaiskola.ro\/index.php?rest_route=\/wp\/v2\/posts\/7351\/revisions\/7358"}],"wp:attachment":[{"href":"https:\/\/jozsefattilaiskola.ro\/index.php?rest_route=%2Fwp%2Fv2%2Fmedia&parent=7351"}],"wp:term":[{"taxonomy":"category","embeddable":true,"href":"https:\/\/jozsefattilaiskola.ro\/index.php?rest_route=%2Fwp%2Fv2%2Fcategories&post=7351"},{"taxonomy":"post_tag","embeddable":true,"href":"https:\/\/jozsefattilaiskola.ro\/index.php?rest_route=%2Fwp%2Fv2%2Ftags&post=7351"}],"curies":[{"name":"wp","href":"https:\/\/api.w.org\/{rel}","templated":true}]}}