{"id":7341,"date":"2021-09-24T14:32:00","date_gmt":"2021-09-24T11:32:00","guid":{"rendered":"http:\/\/jozsefattilaiskola.ro\/?p=7341"},"modified":"2022-07-08T14:34:56","modified_gmt":"2022-07-08T11:34:56","slug":"suprem-5","status":"publish","type":"post","link":"https:\/\/jozsefattilaiskola.ro\/?p=7341","title":{"rendered":"Suprem"},"content":{"rendered":"<div id=\"themify_builder_content-7341\" data-postid=\"7341\" class=\"themify_builder_content themify_builder_content-7341 themify_builder\">\n\n    \n\t\t<!-- module_row -->\n\t\t<div  class=\"themify_builder_row module_row clearfix module_row_0 themify_builder_7341_row module_row_7341-0\" data-id=\"86f5c99\">\n\t\t\t\t\t\t<div class=\"row_inner col_align_top\" >\n                                    <div  class=\"module_column tb-column col-full first tb_7341_column module_column_0 module_column_7341-0-0\" data-id=\"a93b5bf\" >\n                                                                <div class=\"tb-column-inner\">\n                            \n\n<!-- module text -->\n<div  id=\"text-7341-0-0-0\" class=\"module module-text text-7341-0-0-0  repeat  \" data-id=\"ef4f326\">\n    <!--insert-->\n    \n        <p>Szeptember 20-21-\u00e9n Garderenben, Hollandi\u00e1ban tal\u00e1lkoztak a SUPREM projektben r\u00e9sztvev\u0151 partnerek. Iskol\u00e1nkat H\u00e9get\u0151 Katalin \u00e9s Tank\u00f3 Enik\u0151 k\u00e9pviselte. Hossz\u00fa id\u0151 ut\u00e1n ez volt az els\u0151 nem online t\u00e9rben zajl\u00f3 megbesz\u00e9l\u00e9s. A k\u00e9t napos tal\u00e1lkoz\u00f3 intenz\u00edv szakmai megbesz\u00e9l\u00e9sekre adott lehet\u0151s\u00e9get. Nagyon hasznos k\u00e9t nap \u00e1ll m\u00f6g\u00f6tt\u00fcnk!<\/p>        <\/div>\n<!-- \/module text -->\n\n                        <\/div>\n                    \t\t<\/div>\n\t\t                                <\/div>\n                                <!-- \/row_inner -->\n                        <\/div>\n                        <!-- \/module_row -->\n\t\t\n\t\t<!-- module_row -->\n\t\t<div  class=\"themify_builder_row module_row clearfix module_row_1 themify_builder_7341_row module_row_7341-1\" data-id=\"335ad90\">\n\t\t\t\t\t\t<div class=\"row_inner col_align_top\" >\n                                    <div  class=\"module_column tb-column col-full first tb_7341_column module_column_0 module_column_7341-1-0\" data-id=\"8e30bf7\" >\n                                                                <div class=\"tb-column-inner\">\n                            \n\n    <!-- module gallery -->\n    <div  id=\"gallery-7341-1-0-0\" class=\"module module-gallery gallery-7341-1-0-0 gallery gallery-columns-4  layout-showcase   \" data-id=\"2867432\">\n        <!--insert-->\n        \n\t\t\n        \n\t<div class=\"gallery-showcase-image\">\n\t\t<div class=\"image-wrapper\">\n\t\t\t<img decoding=\"async\" src=\"https:\/\/jozsefattilaiskola.ro\/wp-content\/uploads\/2022\/07\/9.jpg\" alt=\"\" \/>\n\t\t\t                <div class=\"gallery-showcase-title\">\n\t\t\t\t\t<span class=\"gallery-showcase-caption\"><\/span>\t\t\t\t<\/div>\n\t\t\t\t\t<\/div>\n\n    <\/div>\n    <div class=\"gallery-images\">\n        <a data-image=\"https:\/\/jozsefattilaiskola.ro\/wp-content\/uploads\/2022\/07\/9.jpg\" title=\"9\" data-caption=\"\" href=\"#\"><img src='https:\/\/jozsefattilaiskola.ro\/wp-content\/uploads\/2022\/07\/9-300x200.jpg' width='300' height='200' alt='' \/><\/a><a data-image=\"https:\/\/jozsefattilaiskola.ro\/wp-content\/uploads\/2022\/07\/10.jpg\" title=\"10\" data-caption=\"\" href=\"#\"><img src='https:\/\/jozsefattilaiskola.ro\/wp-content\/uploads\/2022\/07\/10-1024x577-300x200.jpg' width='300' height='200' alt='' \/><\/a><a data-image=\"https:\/\/jozsefattilaiskola.ro\/wp-content\/uploads\/2022\/07\/11-scaled.jpg\" title=\"11\" data-caption=\"\" href=\"#\"><img src='https:\/\/jozsefattilaiskola.ro\/wp-content\/uploads\/2022\/07\/11-1024x768-300x200.jpg' width='300' height='200' alt='' \/><\/a><a data-image=\"https:\/\/jozsefattilaiskola.ro\/wp-content\/uploads\/2022\/07\/12.jpg\" title=\"12\" data-caption=\"\" href=\"#\"><img src='https:\/\/jozsefattilaiskola.ro\/wp-content\/uploads\/2022\/07\/12-768x1024-300x200.jpg' width='300' height='200' alt='' \/><\/a>    <\/div>\n\n    <\/div>\n    <!-- \/module gallery -->\n\n                        <\/div>\n                    \t\t<\/div>\n\t\t                                <\/div>\n                                <!-- \/row_inner -->\n                        <\/div>\n                        <!-- \/module_row -->\n\t\t<\/div>\n","protected":false},"excerpt":{"rendered":"<p>Szeptember 20-21-\u00e9n Garderenben, Hollandi\u00e1ban tal\u00e1lkoztak a SUPREM projektben r\u00e9sztvev\u0151 partnerek. Iskol\u00e1nkat H\u00e9get\u0151 Katalin \u00e9s Tank\u00f3 Enik\u0151 k\u00e9pviselte. Hossz\u00fa id\u0151 ut\u00e1n ez volt az els\u0151 nem online t\u00e9rben zajl\u00f3 megbesz\u00e9l\u00e9s. A k\u00e9t napos tal\u00e1lkoz\u00f3 intenz\u00edv szakmai megbesz\u00e9l\u00e9sekre adott lehet\u0151s\u00e9get. Nagyon hasznos k\u00e9t nap \u00e1ll m\u00f6g\u00f6tt\u00fcnk!<\/p>\n","protected":false},"author":1,"featured_media":0,"comment_status":"open","ping_status":"open","sticky":false,"template":"","format":"standard","meta":{"footnotes":""},"categories":[47],"tags":[],"class_list":["post-7341","post","type-post","status-publish","format-standard","hentry","category-hirek-hu","no-post-title","no-post-date","has-post-category","has-post-tag","has-post-comment","has-post-author",""],"builder_content":"<p>Szeptember 20-21-\u00e9n Garderenben, Hollandi\u00e1ban tal\u00e1lkoztak a SUPREM projektben r\u00e9sztvev\u0151 partnerek. Iskol\u00e1nkat H\u00e9get\u0151 Katalin \u00e9s Tank\u00f3 Enik\u0151 k\u00e9pviselte. Hossz\u00fa id\u0151 ut\u00e1n ez volt az els\u0151 nem online t\u00e9rben zajl\u00f3 megbesz\u00e9l\u00e9s. A k\u00e9t napos tal\u00e1lkoz\u00f3 intenz\u00edv szakmai megbesz\u00e9l\u00e9sekre adott lehet\u0151s\u00e9get. Nagyon hasznos k\u00e9t nap \u00e1ll m\u00f6g\u00f6tt\u00fcnk!<\/p> \n[gallery ids=\"7342,7343,7344,7345\"]","_links":{"self":[{"href":"https:\/\/jozsefattilaiskola.ro\/index.php?rest_route=\/wp\/v2\/posts\/7341"}],"collection":[{"href":"https:\/\/jozsefattilaiskola.ro\/index.php?rest_route=\/wp\/v2\/posts"}],"about":[{"href":"https:\/\/jozsefattilaiskola.ro\/index.php?rest_route=\/wp\/v2\/types\/post"}],"author":[{"embeddable":true,"href":"https:\/\/jozsefattilaiskola.ro\/index.php?rest_route=\/wp\/v2\/users\/1"}],"replies":[{"embeddable":true,"href":"https:\/\/jozsefattilaiskola.ro\/index.php?rest_route=%2Fwp%2Fv2%2Fcomments&post=7341"}],"version-history":[{"count":2,"href":"https:\/\/jozsefattilaiskola.ro\/index.php?rest_route=\/wp\/v2\/posts\/7341\/revisions"}],"predecessor-version":[{"id":7347,"href":"https:\/\/jozsefattilaiskola.ro\/index.php?rest_route=\/wp\/v2\/posts\/7341\/revisions\/7347"}],"wp:attachment":[{"href":"https:\/\/jozsefattilaiskola.ro\/index.php?rest_route=%2Fwp%2Fv2%2Fmedia&parent=7341"}],"wp:term":[{"taxonomy":"category","embeddable":true,"href":"https:\/\/jozsefattilaiskola.ro\/index.php?rest_route=%2Fwp%2Fv2%2Fcategories&post=7341"},{"taxonomy":"post_tag","embeddable":true,"href":"https:\/\/jozsefattilaiskola.ro\/index.php?rest_route=%2Fwp%2Fv2%2Ftags&post=7341"}],"curies":[{"name":"wp","href":"https:\/\/api.w.org\/{rel}","templated":true}]}}