{"id":7066,"date":"2021-11-19T16:39:43","date_gmt":"2021-11-19T13:39:43","guid":{"rendered":"http:\/\/jozsefattilaiskola.ro\/?p=7066"},"modified":"2021-11-19T16:42:13","modified_gmt":"2021-11-19T13:42:13","slug":"a-dyak-napok-2o21","status":"publish","type":"post","link":"https:\/\/jozsefattilaiskola.ro\/?p=7066","title":{"rendered":"A DY\u00e1k napok &#8211; 2o21"},"content":{"rendered":"<div id=\"themify_builder_content-7066\" data-postid=\"7066\" class=\"themify_builder_content themify_builder_content-7066 themify_builder\">\n\n    \n\t\t<!-- module_row -->\n\t\t<div  class=\"themify_builder_row module_row clearfix module_row_0 themify_builder_7066_row module_row_7066-0\" data-id=\"83ba07d\">\n\t\t\t\t\t\t<div class=\"row_inner col_align_top\" >\n                                    <div  class=\"module_column tb-column col-full first tb_7066_column module_column_0 module_column_7066-0-0\" data-id=\"0899af2\" >\n                                                                <div class=\"tb-column-inner\">\n                            \n\n<!-- module text -->\n<div  id=\"text-7066-0-0-0\" class=\"module module-text text-7066-0-0-0  repeat  \" data-id=\"5698135\">\n    <!--insert-->\n    \n        <div class=\"kvgmc6g5 cxmmr5t8 oygrvhab hcukyx3x c1et5uql ii04i59q\"><div dir=\"auto\">Mott\u00f3:<\/div><div dir=\"auto\">\u201e&#8230;tanulni kell, szeretni kell.\u201d<\/div><div dir=\"auto\">-Nemes Nagy \u00c1gnes-<\/div><\/div><div class=\"o9v6fnle cxmmr5t8 oygrvhab hcukyx3x c1et5uql ii04i59q\"><div dir=\"auto\">2021. XI. 22 \u2013 26 k\u00f6z\u00f6tt a J\u00f3zsef Attila \u00c1ltal\u00e1nos Iskol\u00e1ban, a hagyom\u00e1nyokhoz h\u00edven megrendez\u00e9sre ker\u00fcl \u201eA DY\u00e1k napok\u201d programsorozat, amelynek f\u0151 t\u00e1mogat\u00f3ja Cs\u00edkszereda Megyei Jog\u00fa V\u00e1ros Polg\u00e1rmesteri Hivatala. B\u00e1r az iskola m\u00e1r nem viseli a k\u00f6lt\u0151, Ady Endre nev\u00e9t, term\u00e9szetesen r\u00f3la is megeml\u00e9kez\u00fcnk sz\u00fclet\u00e9snapj\u00e1n, november 22 &#8211; \u00e9n. A di\u00e1kokat sz\u00ednes programok v\u00e1rj\u00e1k h\u00e9tf\u0151t\u0151l eg\u00e9szen p\u00e9ntekig.<\/div><div dir=\"auto\">Mindenkinek tartalmas dy\u00e1k napokat, j\u00f3 kikapcsol\u00f3d\u00e1st k\u00edv\u00e1n az iskola munkak\u00f6z\u00f6ss\u00e9ge.<\/div><\/div>        <\/div>\n<!-- \/module text -->\n\n                        <\/div>\n                    \t\t<\/div>\n\t\t                                <\/div>\n                                <!-- \/row_inner -->\n                        <\/div>\n                        <!-- \/module_row -->\n\t\t\n\t\t<!-- module_row -->\n\t\t<div  class=\"themify_builder_row module_row clearfix module_row_1 themify_builder_7066_row module_row_7066-1\" data-id=\"d15f0c5\">\n\t\t\t\t\t\t<div class=\"row_inner col_align_top\" >\n                                    <div  class=\"module_column tb-column col-full first tb_7066_column module_column_0 module_column_7066-1-0\" data-id=\"79d16a5\" >\n                                                                <div class=\"tb-column-inner\">\n                            \n\n    <!-- module image -->\n    <div  id=\"image-7066-1-0-0\" class=\"module module-image image-7066-1-0-0  image-top  \" data-id=\"707c25b\">\n        <!--insert-->\n        \n        <div class=\"image-wrap\">\n                            <a href=\"http:\/\/jozsefattilaiskola.ro\/wp-content\/uploads\/2021\/11\/Elemisek-plakat-1024x724.jpg\"\n                                      >\n                                           <img loading=\"lazy\" decoding=\"async\" width=\"1024\" height=\"724\" src=\"http:\/\/jozsefattilaiskola.ro\/wp-content\/uploads\/2021\/11\/Elemisek-plakat-1024x724.jpg\" class=\" wp-post-image wp-image-7067\" alt=\"Elemisek plakat\" srcset=\"https:\/\/jozsefattilaiskola.ro\/wp-content\/uploads\/2021\/11\/Elemisek-plakat-1024x724.jpg 1024w, https:\/\/jozsefattilaiskola.ro\/wp-content\/uploads\/2021\/11\/Elemisek-plakat-300x212.jpg 300w, https:\/\/jozsefattilaiskola.ro\/wp-content\/uploads\/2021\/11\/Elemisek-plakat-768x543.jpg 768w, https:\/\/jozsefattilaiskola.ro\/wp-content\/uploads\/2021\/11\/Elemisek-plakat-1536x1086.jpg 1536w, https:\/\/jozsefattilaiskola.ro\/wp-content\/uploads\/2021\/11\/Elemisek-plakat.jpg 1754w\" sizes=\"(max-width: 1024px) 100vw, 1024px\" \/>                <\/a>\n            \n                        <\/div>\n            <!-- \/image-wrap -->\n        \n        \n            <\/div>\n    <!-- \/module image -->\n\n                        <\/div>\n                    \t\t<\/div>\n\t\t                                <\/div>\n                                <!-- \/row_inner -->\n                        <\/div>\n                        <!-- \/module_row -->\n\t\t\n\t\t<!-- module_row -->\n\t\t<div  class=\"themify_builder_row module_row clearfix module_row_2 themify_builder_7066_row module_row_7066-2\" data-id=\"c6fe5eb\">\n\t\t\t\t\t\t<div class=\"row_inner col_align_top\" >\n                                    <div  class=\"module_column tb-column col-full first tb_7066_column module_column_0 module_column_7066-2-0\" data-id=\"8d9aad4\" >\n                                                                <div class=\"tb-column-inner\">\n                            \n\n    <!-- module image -->\n    <div  id=\"image-7066-2-0-0\" class=\"module module-image image-7066-2-0-0  image-top  \" data-id=\"9da4d5a\">\n        <!--insert-->\n        \n        <div class=\"image-wrap\">\n                            <a href=\"http:\/\/jozsefattilaiskola.ro\/wp-content\/uploads\/2021\/11\/Felsotagozat-plakat-1024x724.jpg\"\n                                      >\n                                           <img loading=\"lazy\" decoding=\"async\" width=\"1024\" height=\"724\" src=\"http:\/\/jozsefattilaiskola.ro\/wp-content\/uploads\/2021\/11\/Felsotagozat-plakat-1024x724.jpg\" class=\" wp-post-image wp-image-7068\" alt=\"Felsotagozat plakat\" srcset=\"https:\/\/jozsefattilaiskola.ro\/wp-content\/uploads\/2021\/11\/Felsotagozat-plakat-1024x724.jpg 1024w, https:\/\/jozsefattilaiskola.ro\/wp-content\/uploads\/2021\/11\/Felsotagozat-plakat-300x212.jpg 300w, https:\/\/jozsefattilaiskola.ro\/wp-content\/uploads\/2021\/11\/Felsotagozat-plakat-768x543.jpg 768w, https:\/\/jozsefattilaiskola.ro\/wp-content\/uploads\/2021\/11\/Felsotagozat-plakat-1536x1086.jpg 1536w, https:\/\/jozsefattilaiskola.ro\/wp-content\/uploads\/2021\/11\/Felsotagozat-plakat.jpg 1754w\" sizes=\"(max-width: 1024px) 100vw, 1024px\" \/>                <\/a>\n            \n                        <\/div>\n            <!-- \/image-wrap -->\n        \n        \n            <\/div>\n    <!-- \/module image -->\n\n                        <\/div>\n                    \t\t<\/div>\n\t\t                                <\/div>\n                                <!-- \/row_inner -->\n                        <\/div>\n                        <!-- \/module_row -->\n\t\t\n\t\t<!-- module_row -->\n\t\t<div  class=\"themify_builder_row module_row clearfix module_row_3 themify_builder_7066_row module_row_7066-3\" data-id=\"a5c6c92\">\n\t\t\t\t\t\t<div class=\"row_inner col_align_top\" >\n                                    <div  class=\"module_column tb-column col-full first tb_7066_column module_column_0 module_column_7066-3-0\" data-id=\"9880c1d\" >\n                                                                <div class=\"tb-column-inner\">\n                            \n\n    <!-- module image -->\n    <div  id=\"image-7066-3-0-0\" class=\"module module-image image-7066-3-0-0  image-top  \" data-id=\"43e190f\">\n        <!--insert-->\n        \n        <div class=\"image-wrap\">\n                            <a href=\"http:\/\/jozsefattilaiskola.ro\/wp-content\/uploads\/2021\/11\/Sportnap-1024x724.jpg\"\n                                      >\n                                           <img loading=\"lazy\" decoding=\"async\" width=\"1024\" height=\"724\" src=\"http:\/\/jozsefattilaiskola.ro\/wp-content\/uploads\/2021\/11\/Sportnap-1024x724.jpg\" class=\" wp-post-image wp-image-7069\" alt=\"Sportnap\" srcset=\"https:\/\/jozsefattilaiskola.ro\/wp-content\/uploads\/2021\/11\/Sportnap-1024x724.jpg 1024w, https:\/\/jozsefattilaiskola.ro\/wp-content\/uploads\/2021\/11\/Sportnap-300x212.jpg 300w, https:\/\/jozsefattilaiskola.ro\/wp-content\/uploads\/2021\/11\/Sportnap-768x543.jpg 768w, https:\/\/jozsefattilaiskola.ro\/wp-content\/uploads\/2021\/11\/Sportnap-1536x1086.jpg 1536w, https:\/\/jozsefattilaiskola.ro\/wp-content\/uploads\/2021\/11\/Sportnap.jpg 1754w\" sizes=\"(max-width: 1024px) 100vw, 1024px\" \/>                <\/a>\n            \n                        <\/div>\n            <!-- \/image-wrap -->\n        \n        \n            <\/div>\n    <!-- \/module image -->\n\n                        <\/div>\n                    \t\t<\/div>\n\t\t                                <\/div>\n                                <!-- \/row_inner -->\n                        <\/div>\n                        <!-- \/module_row -->\n\t\t\n\t\t<!-- module_row -->\n\t\t<div  class=\"themify_builder_row module_row clearfix module_row_4 themify_builder_7066_row module_row_7066-4\" data-id=\"08a0084\">\n\t\t\t\t\t\t<div class=\"row_inner col_align_top\" >\n                                    <div  class=\"module_column tb-column col-full first tb_7066_column module_column_0 module_column_7066-4-0\" data-id=\"ec560ec\" >\n                                                                <div class=\"tb-column-inner\">\n                            \n\n    <!-- module image -->\n    <div  id=\"image-7066-4-0-0\" class=\"module module-image image-7066-4-0-0  image-top  \" data-id=\"5b07097\">\n        <!--insert-->\n        \n        <div class=\"image-wrap\">\n                            <a href=\"http:\/\/jozsefattilaiskola.ro\/wp-content\/uploads\/2021\/11\/Kartyanaptar-724x1024.jpg\"\n                                      >\n                                           <img loading=\"lazy\" decoding=\"async\" width=\"724\" height=\"1024\" src=\"http:\/\/jozsefattilaiskola.ro\/wp-content\/uploads\/2021\/11\/Kartyanaptar-724x1024.jpg\" class=\" wp-post-image wp-image-7070\" alt=\"Kartyanaptar\" srcset=\"https:\/\/jozsefattilaiskola.ro\/wp-content\/uploads\/2021\/11\/Kartyanaptar-724x1024.jpg 724w, https:\/\/jozsefattilaiskola.ro\/wp-content\/uploads\/2021\/11\/Kartyanaptar-212x300.jpg 212w, https:\/\/jozsefattilaiskola.ro\/wp-content\/uploads\/2021\/11\/Kartyanaptar-768x1086.jpg 768w, https:\/\/jozsefattilaiskola.ro\/wp-content\/uploads\/2021\/11\/Kartyanaptar-1086x1536.jpg 1086w, https:\/\/jozsefattilaiskola.ro\/wp-content\/uploads\/2021\/11\/Kartyanaptar.jpg 1240w\" sizes=\"(max-width: 724px) 100vw, 724px\" \/>                <\/a>\n            \n                        <\/div>\n            <!-- \/image-wrap -->\n        \n        \n            <\/div>\n    <!-- \/module image -->\n\n                        <\/div>\n                    \t\t<\/div>\n\t\t                                <\/div>\n                                <!-- \/row_inner -->\n                        <\/div>\n                        <!-- \/module_row -->\n\t\t<\/div>\n","protected":false},"excerpt":{"rendered":"<p>Mott\u00f3:\u201e&#8230;tanulni kell, szeretni kell.\u201d-Nemes Nagy \u00c1gnes-2021. XI. 22 \u2013 26 k\u00f6z\u00f6tt a J\u00f3zsef Attila \u00c1ltal\u00e1nos Iskol\u00e1ban, a hagyom\u00e1nyokhoz h\u00edven megrendez\u00e9sre ker\u00fcl \u201eA DY\u00e1k napok\u201d programsorozat, amelynek f\u0151 t\u00e1mogat\u00f3ja Cs\u00edkszereda Megyei Jog\u00fa V\u00e1ros Polg\u00e1rmesteri Hivatala. B\u00e1r az iskola m\u00e1r nem viseli a k\u00f6lt\u0151, Ady Endre nev\u00e9t, term\u00e9szetesen r\u00f3la is megeml\u00e9kez\u00fcnk sz\u00fclet\u00e9snapj\u00e1n, november 22 &#8211; \u00e9n. A [&hellip;]<\/p>\n","protected":false},"author":1,"featured_media":0,"comment_status":"open","ping_status":"open","sticky":false,"template":"","format":"standard","meta":{"footnotes":""},"categories":[47],"tags":[],"class_list":["post-7066","post","type-post","status-publish","format-standard","hentry","category-hirek-hu","no-post-title","no-post-date","has-post-category","has-post-tag","has-post-comment","has-post-author",""],"builder_content":"Mott\u00f3:\u201e...tanulni kell, szeretni kell.\u201d-Nemes Nagy \u00c1gnes-2021. XI. 22 \u2013 26 k\u00f6z\u00f6tt a J\u00f3zsef Attila \u00c1ltal\u00e1nos Iskol\u00e1ban, a hagyom\u00e1nyokhoz h\u00edven megrendez\u00e9sre ker\u00fcl \u201eA DY\u00e1k napok\u201d programsorozat, amelynek f\u0151 t\u00e1mogat\u00f3ja Cs\u00edkszereda Megyei Jog\u00fa V\u00e1ros Polg\u00e1rmesteri Hivatala. B\u00e1r az iskola m\u00e1r nem viseli a k\u00f6lt\u0151, Ady Endre nev\u00e9t, term\u00e9szetesen r\u00f3la is megeml\u00e9kez\u00fcnk sz\u00fclet\u00e9snapj\u00e1n, november 22 - \u00e9n. A di\u00e1kokat sz\u00ednes programok v\u00e1rj\u00e1k h\u00e9tf\u0151t\u0151l eg\u00e9szen p\u00e9ntekig.Mindenkinek tartalmas dy\u00e1k napokat, j\u00f3 kikapcsol\u00f3d\u00e1st k\u00edv\u00e1n az iskola munkak\u00f6z\u00f6ss\u00e9ge. \n <a href=\"http:\/\/jozsefattilaiskola.ro\/wp-content\/uploads\/2021\/11\/Elemisek-plakat-1024x724.jpg\" > <img loading=\"lazy\" decoding=\"async\" width=\"1024\" height=\"724\" src=\"http:\/\/jozsefattilaiskola.ro\/wp-content\/uploads\/2021\/11\/Elemisek-plakat-1024x724.jpg\" alt=\"Elemisek plakat\" srcset=\"https:\/\/jozsefattilaiskola.ro\/wp-content\/uploads\/2021\/11\/Elemisek-plakat-1024x724.jpg 1024w, https:\/\/jozsefattilaiskola.ro\/wp-content\/uploads\/2021\/11\/Elemisek-plakat-300x212.jpg 300w, https:\/\/jozsefattilaiskola.ro\/wp-content\/uploads\/2021\/11\/Elemisek-plakat-768x543.jpg 768w, https:\/\/jozsefattilaiskola.ro\/wp-content\/uploads\/2021\/11\/Elemisek-plakat-1536x1086.jpg 1536w, https:\/\/jozsefattilaiskola.ro\/wp-content\/uploads\/2021\/11\/Elemisek-plakat.jpg 1754w\" sizes=\"(max-width: 1024px) 100vw, 1024px\" \/> <\/a> \n <a href=\"http:\/\/jozsefattilaiskola.ro\/wp-content\/uploads\/2021\/11\/Felsotagozat-plakat-1024x724.jpg\" > <img loading=\"lazy\" decoding=\"async\" width=\"1024\" height=\"724\" src=\"http:\/\/jozsefattilaiskola.ro\/wp-content\/uploads\/2021\/11\/Felsotagozat-plakat-1024x724.jpg\" alt=\"Felsotagozat plakat\" srcset=\"https:\/\/jozsefattilaiskola.ro\/wp-content\/uploads\/2021\/11\/Felsotagozat-plakat-1024x724.jpg 1024w, https:\/\/jozsefattilaiskola.ro\/wp-content\/uploads\/2021\/11\/Felsotagozat-plakat-300x212.jpg 300w, https:\/\/jozsefattilaiskola.ro\/wp-content\/uploads\/2021\/11\/Felsotagozat-plakat-768x543.jpg 768w, https:\/\/jozsefattilaiskola.ro\/wp-content\/uploads\/2021\/11\/Felsotagozat-plakat-1536x1086.jpg 1536w, https:\/\/jozsefattilaiskola.ro\/wp-content\/uploads\/2021\/11\/Felsotagozat-plakat.jpg 1754w\" sizes=\"(max-width: 1024px) 100vw, 1024px\" \/> <\/a> \n <a href=\"http:\/\/jozsefattilaiskola.ro\/wp-content\/uploads\/2021\/11\/Sportnap-1024x724.jpg\" > <img loading=\"lazy\" decoding=\"async\" width=\"1024\" height=\"724\" src=\"http:\/\/jozsefattilaiskola.ro\/wp-content\/uploads\/2021\/11\/Sportnap-1024x724.jpg\" alt=\"Sportnap\" srcset=\"https:\/\/jozsefattilaiskola.ro\/wp-content\/uploads\/2021\/11\/Sportnap-1024x724.jpg 1024w, https:\/\/jozsefattilaiskola.ro\/wp-content\/uploads\/2021\/11\/Sportnap-300x212.jpg 300w, https:\/\/jozsefattilaiskola.ro\/wp-content\/uploads\/2021\/11\/Sportnap-768x543.jpg 768w, https:\/\/jozsefattilaiskola.ro\/wp-content\/uploads\/2021\/11\/Sportnap-1536x1086.jpg 1536w, https:\/\/jozsefattilaiskola.ro\/wp-content\/uploads\/2021\/11\/Sportnap.jpg 1754w\" sizes=\"(max-width: 1024px) 100vw, 1024px\" \/> <\/a> \n <a href=\"http:\/\/jozsefattilaiskola.ro\/wp-content\/uploads\/2021\/11\/Kartyanaptar-724x1024.jpg\" > <img loading=\"lazy\" decoding=\"async\" width=\"724\" height=\"1024\" src=\"http:\/\/jozsefattilaiskola.ro\/wp-content\/uploads\/2021\/11\/Kartyanaptar-724x1024.jpg\" alt=\"Kartyanaptar\" srcset=\"https:\/\/jozsefattilaiskola.ro\/wp-content\/uploads\/2021\/11\/Kartyanaptar-724x1024.jpg 724w, https:\/\/jozsefattilaiskola.ro\/wp-content\/uploads\/2021\/11\/Kartyanaptar-212x300.jpg 212w, https:\/\/jozsefattilaiskola.ro\/wp-content\/uploads\/2021\/11\/Kartyanaptar-768x1086.jpg 768w, https:\/\/jozsefattilaiskola.ro\/wp-content\/uploads\/2021\/11\/Kartyanaptar-1086x1536.jpg 1086w, https:\/\/jozsefattilaiskola.ro\/wp-content\/uploads\/2021\/11\/Kartyanaptar.jpg 1240w\" sizes=\"(max-width: 724px) 100vw, 724px\" \/> <\/a>","_links":{"self":[{"href":"https:\/\/jozsefattilaiskola.ro\/index.php?rest_route=\/wp\/v2\/posts\/7066"}],"collection":[{"href":"https:\/\/jozsefattilaiskola.ro\/index.php?rest_route=\/wp\/v2\/posts"}],"about":[{"href":"https:\/\/jozsefattilaiskola.ro\/index.php?rest_route=\/wp\/v2\/types\/post"}],"author":[{"embeddable":true,"href":"https:\/\/jozsefattilaiskola.ro\/index.php?rest_route=\/wp\/v2\/users\/1"}],"replies":[{"embeddable":true,"href":"https:\/\/jozsefattilaiskola.ro\/index.php?rest_route=%2Fwp%2Fv2%2Fcomments&post=7066"}],"version-history":[{"count":12,"href":"https:\/\/jozsefattilaiskola.ro\/index.php?rest_route=\/wp\/v2\/posts\/7066\/revisions"}],"predecessor-version":[{"id":7083,"href":"https:\/\/jozsefattilaiskola.ro\/index.php?rest_route=\/wp\/v2\/posts\/7066\/revisions\/7083"}],"wp:attachment":[{"href":"https:\/\/jozsefattilaiskola.ro\/index.php?rest_route=%2Fwp%2Fv2%2Fmedia&parent=7066"}],"wp:term":[{"taxonomy":"category","embeddable":true,"href":"https:\/\/jozsefattilaiskola.ro\/index.php?rest_route=%2Fwp%2Fv2%2Fcategories&post=7066"},{"taxonomy":"post_tag","embeddable":true,"href":"https:\/\/jozsefattilaiskola.ro\/index.php?rest_route=%2Fwp%2Fv2%2Ftags&post=7066"}],"curies":[{"name":"wp","href":"https:\/\/api.w.org\/{rel}","templated":true}]}}