{"id":6776,"date":"2021-08-23T16:24:51","date_gmt":"2021-08-23T13:24:51","guid":{"rendered":"http:\/\/jozsefattilaiskola.ro\/?p=6776"},"modified":"2021-08-23T16:27:04","modified_gmt":"2021-08-23T13:27:04","slug":"2022-2023-as-tanev-step-by-step-osztalya-irant-erdeklodo-szulok-figyelmebe","status":"publish","type":"post","link":"https:\/\/jozsefattilaiskola.ro\/?p=6776","title":{"rendered":"2022-2023-as tan\u00e9v Step by Step oszt\u00e1lya ir\u00e1nt \u00e9rdekl\u0151d\u0151 sz\u00fcl\u0151k figyelm\u00e9be"},"content":{"rendered":"<div id=\"themify_builder_content-6776\" data-postid=\"6776\" class=\"themify_builder_content themify_builder_content-6776 themify_builder\">\n\n    \n\t\t<!-- module_row -->\n\t\t<div  class=\"themify_builder_row module_row clearfix module_row_0 themify_builder_6776_row module_row_6776-0\" data-id=\"bdcbcbc\">\n\t\t\t\t\t\t<div class=\"row_inner col_align_top\" >\n                                    <div  class=\"module_column tb-column col-full first tb_6776_column module_column_0 module_column_6776-0-0\" data-id=\"ee2aa0c\" >\n                                                                <div class=\"tb-column-inner\">\n                            \n\n<!-- module text -->\n<div  id=\"text-6776-0-0-0\" class=\"module module-text text-6776-0-0-0  repeat  \" data-id=\"7f8d1d0\">\n    <!--insert-->\n    \n        <p>A 2022-2023-as tan\u00e9v Step by Step oszt\u00e1lya ir\u00e1nt \u00e9rdekl\u0151d\u0151 sz\u00fcl\u0151k figyelm\u00e9be aj\u00e1nljuk, hogy 2021. szeptember 1-17. k\u00f6z\u00f6tti id\u0151szakban, naponta 8-15 \u00f3r\u00e1k k\u00f6z\u00f6tt, lehet\u0151s\u00e9g\u00fck ad\u00f3dik az el\u0151iratkoz\u00e1si sz\u00e1nd\u00e9knyilatkozatok iktat\u00e1s\u00e1ra. A biztons\u00e1gi el\u0151\u00edr\u00e1sok betart\u00e1sa \u00e9rdek\u00e9ben k\u00e9rj\u00fck a nyilatkozatok el\u0151zetes, a teljess\u00e9g ig\u00e9ny\u00e9vel, olvashat\u00f3 m\u00f3don t\u00f6rt\u00e9n\u0151 kit\u00f6lt\u00e9s\u00e9t. Egyel\u0151re semmilyen m\u00e1s dokumentumot nem sz\u00fcks\u00e9ges felmutatni. A nyilatkozat let\u00f6lthet\u0151 <a href=\"http:\/\/jozsefattilaiskola.ro\/wp-content\/uploads\/2021\/08\/eloiratkozasiszandenyilatkozat2o21.pdf\">ide<\/a> kattintva. Ugyanakkor inform\u00e1ljuk ezennel is \u00d6n\u00f6ket, hogy az els\u0151 f\u00e9l\u00e9v folyam\u00e1n lehet\u0151s\u00e9g\u00fck ad\u00f3dik sz\u00fcl\u0151i \u00e9rtekezlet keret\u00e9n bel\u00fcl megismerkedni a tan\u00edt\u00f3kkal, illetve az alternat\u00edva m\u0171k\u00f6d\u00e9s\u00e9vel, amelyr\u0151l a megadott el\u00e9rhet\u0151s\u00e9geken ut\u00f3lag \u00e9rtes\u00edtj\u00fck. V\u00e9g\u00fcl felh\u00edvjuk a kedves sz\u00fcl\u0151k figyelm\u00e9t, hogy a J\u00f3zsef Attila \u00c1ltal\u00e1nos Iskola a 2022-2023-as tan\u00e9vben \u00f6sszesen 4 el\u0151k\u00e9sz\u00edt\u0151 oszt\u00e1lyt sz\u00e1nd\u00e9kszik ind\u00edtani, amelyb\u0151l kett\u0151 (1 Step by Step \u00e9s 1 hagyom\u00e1nyos) a Miron Cristea utcai, kett\u0151 a Testv\u00e9ris\u00e9g sgt. 20 sz\u00e1m alatti (2 hagyom\u00e1nyos) \u00e9p\u00fclet\u00fcnkben fog m\u0171k\u00f6dni. V\u00e1rjuk szeretettel!<\/p>        <\/div>\n<!-- \/module text -->\n\n                        <\/div>\n                    \t\t<\/div>\n\t\t                                <\/div>\n                                <!-- \/row_inner -->\n                        <\/div>\n                        <!-- \/module_row -->\n\t\t<\/div>\n","protected":false},"excerpt":{"rendered":"<p>A 2022-2023-as tan\u00e9v Step by Step oszt\u00e1lya ir\u00e1nt \u00e9rdekl\u0151d\u0151 sz\u00fcl\u0151k figyelm\u00e9be aj\u00e1nljuk, hogy 2021. szeptember 1-17. k\u00f6z\u00f6tti id\u0151szakban, naponta 8-15 \u00f3r\u00e1k k\u00f6z\u00f6tt, lehet\u0151s\u00e9g\u00fck ad\u00f3dik az el\u0151iratkoz\u00e1si sz\u00e1nd\u00e9knyilatkozatok iktat\u00e1s\u00e1ra. A biztons\u00e1gi el\u0151\u00edr\u00e1sok betart\u00e1sa \u00e9rdek\u00e9ben k\u00e9rj\u00fck a nyilatkozatok el\u0151zetes, a teljess\u00e9g ig\u00e9ny\u00e9vel, olvashat\u00f3 m\u00f3don t\u00f6rt\u00e9n\u0151 kit\u00f6lt\u00e9s\u00e9t. Egyel\u0151re semmilyen m\u00e1s dokumentumot nem sz\u00fcks\u00e9ges felmutatni. A nyilatkozat let\u00f6lthet\u0151 ide [&hellip;]<\/p>\n","protected":false},"author":4,"featured_media":0,"comment_status":"open","ping_status":"open","sticky":false,"template":"","format":"standard","meta":{"footnotes":""},"categories":[47],"tags":[],"class_list":["post-6776","post","type-post","status-publish","format-standard","hentry","category-hirek-hu","no-post-title","no-post-date","has-post-category","has-post-tag","has-post-comment","has-post-author",""],"builder_content":"<p>A 2022-2023-as tan\u00e9v Step by Step oszt\u00e1lya ir\u00e1nt \u00e9rdekl\u0151d\u0151 sz\u00fcl\u0151k figyelm\u00e9be aj\u00e1nljuk, hogy 2021. szeptember 1-17. k\u00f6z\u00f6tti id\u0151szakban, naponta 8-15 \u00f3r\u00e1k k\u00f6z\u00f6tt, lehet\u0151s\u00e9g\u00fck ad\u00f3dik az el\u0151iratkoz\u00e1si sz\u00e1nd\u00e9knyilatkozatok iktat\u00e1s\u00e1ra. A biztons\u00e1gi el\u0151\u00edr\u00e1sok betart\u00e1sa \u00e9rdek\u00e9ben k\u00e9rj\u00fck a nyilatkozatok el\u0151zetes, a teljess\u00e9g ig\u00e9ny\u00e9vel, olvashat\u00f3 m\u00f3don t\u00f6rt\u00e9n\u0151 kit\u00f6lt\u00e9s\u00e9t. Egyel\u0151re semmilyen m\u00e1s dokumentumot nem sz\u00fcks\u00e9ges felmutatni. A nyilatkozat let\u00f6lthet\u0151 <a href=\"http:\/\/jozsefattilaiskola.ro\/wp-content\/uploads\/2021\/08\/eloiratkozasiszandenyilatkozat2o21.pdf\">ide<\/a> kattintva. Ugyanakkor inform\u00e1ljuk ezennel is \u00d6n\u00f6ket, hogy az els\u0151 f\u00e9l\u00e9v folyam\u00e1n lehet\u0151s\u00e9g\u00fck ad\u00f3dik sz\u00fcl\u0151i \u00e9rtekezlet keret\u00e9n bel\u00fcl megismerkedni a tan\u00edt\u00f3kkal, illetve az alternat\u00edva m\u0171k\u00f6d\u00e9s\u00e9vel, amelyr\u0151l a megadott el\u00e9rhet\u0151s\u00e9geken ut\u00f3lag \u00e9rtes\u00edtj\u00fck. V\u00e9g\u00fcl felh\u00edvjuk a kedves sz\u00fcl\u0151k figyelm\u00e9t, hogy a J\u00f3zsef Attila \u00c1ltal\u00e1nos Iskola a 2022-2023-as tan\u00e9vben \u00f6sszesen 4 el\u0151k\u00e9sz\u00edt\u0151 oszt\u00e1lyt sz\u00e1nd\u00e9kszik ind\u00edtani, amelyb\u0151l kett\u0151 (1 Step by Step \u00e9s 1 hagyom\u00e1nyos) a Miron Cristea utcai, kett\u0151 a Testv\u00e9ris\u00e9g sgt. 20 sz\u00e1m alatti (2 hagyom\u00e1nyos) \u00e9p\u00fclet\u00fcnkben fog m\u0171k\u00f6dni. V\u00e1rjuk szeretettel!<\/p>","_links":{"self":[{"href":"https:\/\/jozsefattilaiskola.ro\/index.php?rest_route=\/wp\/v2\/posts\/6776"}],"collection":[{"href":"https:\/\/jozsefattilaiskola.ro\/index.php?rest_route=\/wp\/v2\/posts"}],"about":[{"href":"https:\/\/jozsefattilaiskola.ro\/index.php?rest_route=\/wp\/v2\/types\/post"}],"author":[{"embeddable":true,"href":"https:\/\/jozsefattilaiskola.ro\/index.php?rest_route=\/wp\/v2\/users\/4"}],"replies":[{"embeddable":true,"href":"https:\/\/jozsefattilaiskola.ro\/index.php?rest_route=%2Fwp%2Fv2%2Fcomments&post=6776"}],"version-history":[{"count":7,"href":"https:\/\/jozsefattilaiskola.ro\/index.php?rest_route=\/wp\/v2\/posts\/6776\/revisions"}],"predecessor-version":[{"id":6785,"href":"https:\/\/jozsefattilaiskola.ro\/index.php?rest_route=\/wp\/v2\/posts\/6776\/revisions\/6785"}],"wp:attachment":[{"href":"https:\/\/jozsefattilaiskola.ro\/index.php?rest_route=%2Fwp%2Fv2%2Fmedia&parent=6776"}],"wp:term":[{"taxonomy":"category","embeddable":true,"href":"https:\/\/jozsefattilaiskola.ro\/index.php?rest_route=%2Fwp%2Fv2%2Fcategories&post=6776"},{"taxonomy":"post_tag","embeddable":true,"href":"https:\/\/jozsefattilaiskola.ro\/index.php?rest_route=%2Fwp%2Fv2%2Ftags&post=6776"}],"curies":[{"name":"wp","href":"https:\/\/api.w.org\/{rel}","templated":true}]}}